{"id":6290,"date":"2025-02-04T10:33:41","date_gmt":"2025-02-04T09:33:41","guid":{"rendered":"https:\/\/unedpamplona.es\/?p=6290"},"modified":"2025-02-12T18:39:56","modified_gmt":"2025-02-12T17:39:56","slug":"conferencia-inteligencia-emocional-y-afrontamiento-del-cancer","status":"publish","type":"post","link":"https:\/\/unedpamplona.es\/eu\/conferencia-inteligencia-emocional-y-afrontamiento-del-cancer\/","title":{"rendered":"Conferencia \u201cInteligencia emocional y afrontamiento del c\u00e1ncer\u201d: UNED Pamplona, 11 de febrero. Gratuita"},"content":{"rendered":"<p>Este cuatrimestre se han organizado diferentes acciones formativas de la C\u00e1tedra de Inteligencia Emocional de UNED Pamplona y Fundaci\u00f3n Caja Navarra. Entre ellas, est\u00e1 la conferencia \u201cInteligencia emocional y afrontamiento del c\u00e1ncer\u201d, en la que se abordar\u00e1n estrategias de afrontamiento \u00fatiles en todas las fases y se desarrollar\u00e1n conceptos y t\u00e9cnicas fundamentados en investigaciones realizadas en dos corrientes actuales como son la psicolog\u00eda positiva y la inteligencia emocional.<\/p>\n<p>&nbsp;<\/p>\n<ul>\n<li><strong>Lugar y fechas: 11 de febrero de 2025, de 19:00 a 20:30 h.<\/strong><\/li>\n<\/ul>\n<div class=\"cajasActividad\"><\/div>\n<ul>\n<li><strong>Programa<\/strong>\n<ul>\n<li><span class=\"h\">19:00-20:30 h.<\/span>\u00a0<span class=\"t color_b3\">Inteligencia emocional y tratamiento del c\u00e1ncer. <\/span>El diagn\u00f3stico del c\u00e1ncer es un hecho que modifica toda nuestra vida. Las pruebas diagn\u00f3sticas previas, el desconocimiento del alcance final de la enfermedad con met\u00e1stasis o no, las intervenciones quir\u00fargicas, los tratamientos de radio y\/o quimio son eventos para los que normalmente no estamos preparados. Las consecuencias son de sobras conocidas: sentimientos personales que nos inhabilitan para llevar una vida como antes; afecciones en las relaciones sociales con la familia, consecuencias laborales o el aislamiento de los amigos y amigas.<\/li>\n<\/ul>\n<\/li>\n<\/ul>\n<p>&nbsp;<\/p>\n<ul>\n<li><span class=\"ponente\">Imparte:<strong> Carlos Hue Garc\u00eda, <\/strong>D<\/span><span class=\"cargo\"><span class=\"cargo_ponente\">octor en Ciencias de la Educaci\u00f3n, Psic\u00f3logo y pedagogo.<\/span><\/span><\/li>\n<\/ul>\n<p>&nbsp;<\/p>\n<ul>\n<li>Esta actividad permite al estudiante participar con asistencia presencial o asistencia online en directo o en diferido, sin necesidad de ir al centro.<\/li>\n<\/ul>\n<p>&nbsp;<\/p>\n<ul>\n<li><a href=\"https:\/\/extension.uned.es\/actividad\/42129&amp;codigo=GDEYC\"><strong>Matr\u00edcula online gratuita<\/strong><\/a><\/li>\n<\/ul>\n<p>&nbsp;<\/p>\n<p><strong><a href=\"https:\/\/unedpamplona.es\/cursos-conferencias\/cursos-y-conferencias-catedra-2023-2024\/\">OTROS CURSOS Y CONFERENCIAS DE LA C\u00c1TEDRA<\/a><\/strong><\/p>\n","protected":false},"excerpt":{"rendered":"<p>Este cuatrimestre se han organizado diferentes acciones formativas de la C\u00e1tedra de Inteligencia Emocional de UNED Pamplona y Fundaci\u00f3n Caja Navarra. Entre ellas, est\u00e1 la conferencia \u201cInteligencia emocional y afrontamiento del c\u00e1ncer\u201d, en la que se abordar\u00e1n estrategias de afrontamiento \u00fatiles en todas las fases y se desarrollar\u00e1n conceptos y t\u00e9cnicas fundamentados en investigaciones realizadas [&hellip;]<\/p>\n","protected":false},"author":2,"featured_media":6291,"comment_status":"closed","ping_status":"closed","sticky":false,"template":"","format":"standard","meta":{"footnotes":""},"categories":[11],"tags":[],"yoast_head":"<!-- This site is optimized with the Yoast SEO plugin v22.5 - https:\/\/yoast.com\/wordpress\/plugins\/seo\/ -->\n<title>Conferencia \u201cInteligencia emocional y afrontamiento del c\u00e1ncer\u201d: UNED Pamplona, 11 de febrero. Gratuita - UNED Pamplona<\/title>\n<meta name=\"robots\" content=\"index, follow, max-snippet:-1, max-image-preview:large, max-video-preview:-1\" \/>\n<link rel=\"canonical\" href=\"https:\/\/unedpamplona.es\/eu\/conferencia-inteligencia-emocional-y-afrontamiento-del-cancer\/\" \/>\n<meta property=\"og:locale\" content=\"eu_ES\" \/>\n<meta property=\"og:type\" content=\"article\" \/>\n<meta property=\"og:title\" content=\"Conferencia \u201cInteligencia emocional y afrontamiento del c\u00e1ncer\u201d: UNED Pamplona, 11 de febrero. Gratuita - UNED Pamplona\" \/>\n<meta property=\"og:description\" content=\"Este cuatrimestre se han organizado diferentes acciones formativas de la C\u00e1tedra de Inteligencia Emocional de UNED Pamplona y Fundaci\u00f3n Caja Navarra. Entre ellas, est\u00e1 la conferencia \u201cInteligencia emocional y afrontamiento del c\u00e1ncer\u201d, en la que se abordar\u00e1n estrategias de afrontamiento \u00fatiles en todas las fases y se desarrollar\u00e1n conceptos y t\u00e9cnicas fundamentados en investigaciones realizadas [&hellip;]\" \/>\n<meta property=\"og:url\" content=\"https:\/\/unedpamplona.es\/eu\/conferencia-inteligencia-emocional-y-afrontamiento-del-cancer\/\" \/>\n<meta property=\"og:site_name\" content=\"UNED Pamplona\" \/>\n<meta property=\"article:published_time\" content=\"2025-02-04T09:33:41+00:00\" \/>\n<meta property=\"article:modified_time\" content=\"2025-02-12T17:39:56+00:00\" \/>\n<meta property=\"og:image\" content=\"https:\/\/unedpamplona.es\/wp-content\/uploads\/2025\/01\/Conferenciacancer.jpeg\" \/>\n\t<meta property=\"og:image:width\" content=\"1193\" \/>\n\t<meta property=\"og:image:height\" content=\"502\" \/>\n\t<meta property=\"og:image:type\" content=\"image\/jpeg\" \/>\n<meta name=\"author\" content=\"uned\" \/>\n<meta name=\"twitter:card\" content=\"summary_large_image\" \/>\n<meta name=\"twitter:creator\" content=\"@unedpamplona\" \/>\n<meta name=\"twitter:site\" content=\"@unedpamplona\" \/>\n<meta name=\"twitter:label1\" content=\"Written by\" \/>\n\t<meta name=\"twitter:data1\" content=\"uned\" \/>\n\t<meta name=\"twitter:label2\" content=\"Est. reading time\" \/>\n\t<meta name=\"twitter:data2\" content=\"2 minutes\" \/>\n<script type=\"application\/ld+json\" class=\"yoast-schema-graph\">{\"@context\":\"https:\/\/schema.org\",\"@graph\":[{\"@type\":\"Article\",\"@id\":\"https:\/\/unedpamplona.es\/eu\/conferencia-inteligencia-emocional-y-afrontamiento-del-cancer\/#article\",\"isPartOf\":{\"@id\":\"https:\/\/unedpamplona.es\/eu\/conferencia-inteligencia-emocional-y-afrontamiento-del-cancer\/\"},\"author\":{\"name\":\"uned\",\"@id\":\"https:\/\/unedpamplona.es\/eu\/#\/schema\/person\/62a05b70c6808d41d8de2111f2b5f568\"},\"headline\":\"Conferencia \u201cInteligencia emocional y afrontamiento del c\u00e1ncer\u201d: UNED Pamplona, 11 de febrero. Gratuita\",\"datePublished\":\"2025-02-04T09:33:41+00:00\",\"dateModified\":\"2025-02-12T17:39:56+00:00\",\"mainEntityOfPage\":{\"@id\":\"https:\/\/unedpamplona.es\/eu\/conferencia-inteligencia-emocional-y-afrontamiento-del-cancer\/\"},\"wordCount\":251,\"publisher\":{\"@id\":\"https:\/\/unedpamplona.es\/eu\/#organization\"},\"image\":{\"@id\":\"https:\/\/unedpamplona.es\/eu\/conferencia-inteligencia-emocional-y-afrontamiento-del-cancer\/#primaryimage\"},\"thumbnailUrl\":\"https:\/\/unedpamplona.es\/wp-content\/uploads\/2025\/01\/Conferenciacancer.jpeg\",\"articleSection\":[\"Actualidad\"],\"inLanguage\":\"eu-ES\"},{\"@type\":\"WebPage\",\"@id\":\"https:\/\/unedpamplona.es\/eu\/conferencia-inteligencia-emocional-y-afrontamiento-del-cancer\/\",\"url\":\"https:\/\/unedpamplona.es\/eu\/conferencia-inteligencia-emocional-y-afrontamiento-del-cancer\/\",\"name\":\"Conferencia \u201cInteligencia emocional y afrontamiento del c\u00e1ncer\u201d: UNED Pamplona, 11 de febrero. Gratuita - UNED Pamplona\",\"isPartOf\":{\"@id\":\"https:\/\/unedpamplona.es\/eu\/#website\"},\"primaryImageOfPage\":{\"@id\":\"https:\/\/unedpamplona.es\/eu\/conferencia-inteligencia-emocional-y-afrontamiento-del-cancer\/#primaryimage\"},\"image\":{\"@id\":\"https:\/\/unedpamplona.es\/eu\/conferencia-inteligencia-emocional-y-afrontamiento-del-cancer\/#primaryimage\"},\"thumbnailUrl\":\"https:\/\/unedpamplona.es\/wp-content\/uploads\/2025\/01\/Conferenciacancer.jpeg\",\"datePublished\":\"2025-02-04T09:33:41+00:00\",\"dateModified\":\"2025-02-12T17:39:56+00:00\",\"inLanguage\":\"eu-ES\",\"potentialAction\":[{\"@type\":\"ReadAction\",\"target\":[\"https:\/\/unedpamplona.es\/eu\/conferencia-inteligencia-emocional-y-afrontamiento-del-cancer\/\"]}]},{\"@type\":\"ImageObject\",\"inLanguage\":\"eu-ES\",\"@id\":\"https:\/\/unedpamplona.es\/eu\/conferencia-inteligencia-emocional-y-afrontamiento-del-cancer\/#primaryimage\",\"url\":\"https:\/\/unedpamplona.es\/wp-content\/uploads\/2025\/01\/Conferenciacancer.jpeg\",\"contentUrl\":\"https:\/\/unedpamplona.es\/wp-content\/uploads\/2025\/01\/Conferenciacancer.jpeg\",\"width\":1193,\"height\":502},{\"@type\":\"WebSite\",\"@id\":\"https:\/\/unedpamplona.es\/eu\/#website\",\"url\":\"https:\/\/unedpamplona.es\/eu\/\",\"name\":\"UNED Pamplona\",\"description\":\"\",\"publisher\":{\"@id\":\"https:\/\/unedpamplona.es\/eu\/#organization\"},\"potentialAction\":[{\"@type\":\"SearchAction\",\"target\":{\"@type\":\"EntryPoint\",\"urlTemplate\":\"https:\/\/unedpamplona.es\/eu\/?s={search_term_string}\"},\"query-input\":\"required name=search_term_string\"}],\"inLanguage\":\"eu-ES\"},{\"@type\":\"Organization\",\"@id\":\"https:\/\/unedpamplona.es\/eu\/#organization\",\"name\":\"UNED Pamplona\",\"url\":\"https:\/\/unedpamplona.es\/eu\/\",\"logo\":{\"@type\":\"ImageObject\",\"inLanguage\":\"eu-ES\",\"@id\":\"https:\/\/unedpamplona.es\/eu\/#\/schema\/logo\/image\/\",\"url\":\"https:\/\/unedpamplona.es\/wp-content\/uploads\/2024\/02\/uned_pamplona_logo.png\",\"contentUrl\":\"https:\/\/unedpamplona.es\/wp-content\/uploads\/2024\/02\/uned_pamplona_logo.png\",\"width\":218,\"height\":104,\"caption\":\"UNED Pamplona\"},\"image\":{\"@id\":\"https:\/\/unedpamplona.es\/eu\/#\/schema\/logo\/image\/\"},\"sameAs\":[\"https:\/\/x.com\/unedpamplona\",\"https:\/\/www.youtube.com\/channel\/UCR2jc6TbCMAPnbcA17Z0wwg\",\"https:\/\/www.instagram.com\/unedpamplona\/\"]},{\"@type\":\"Person\",\"@id\":\"https:\/\/unedpamplona.es\/eu\/#\/schema\/person\/62a05b70c6808d41d8de2111f2b5f568\",\"name\":\"uned\",\"image\":{\"@type\":\"ImageObject\",\"inLanguage\":\"eu-ES\",\"@id\":\"https:\/\/unedpamplona.es\/eu\/#\/schema\/person\/image\/\",\"url\":\"https:\/\/secure.gravatar.com\/avatar\/344a1f8262dc552fd951ddf77b72239b?s=96&d=mm&r=g\",\"contentUrl\":\"https:\/\/secure.gravatar.com\/avatar\/344a1f8262dc552fd951ddf77b72239b?s=96&d=mm&r=g\",\"caption\":\"uned\"},\"url\":\"https:\/\/unedpamplona.es\/eu\/author\/uned\/\"}]}<\/script>\n<!-- \/ Yoast SEO plugin. -->","yoast_head_json":{"title":"Conferencia \u201cInteligencia emocional y afrontamiento del c\u00e1ncer\u201d: UNED Pamplona, 11 de febrero. Gratuita - UNED Pamplona","robots":{"index":"index","follow":"follow","max-snippet":"max-snippet:-1","max-image-preview":"max-image-preview:large","max-video-preview":"max-video-preview:-1"},"canonical":"https:\/\/unedpamplona.es\/eu\/conferencia-inteligencia-emocional-y-afrontamiento-del-cancer\/","og_locale":"eu_ES","og_type":"article","og_title":"Conferencia \u201cInteligencia emocional y afrontamiento del c\u00e1ncer\u201d: UNED Pamplona, 11 de febrero. Gratuita - UNED Pamplona","og_description":"Este cuatrimestre se han organizado diferentes acciones formativas de la C\u00e1tedra de Inteligencia Emocional de UNED Pamplona y Fundaci\u00f3n Caja Navarra. Entre ellas, est\u00e1 la conferencia \u201cInteligencia emocional y afrontamiento del c\u00e1ncer\u201d, en la que se abordar\u00e1n estrategias de afrontamiento \u00fatiles en todas las fases y se desarrollar\u00e1n conceptos y t\u00e9cnicas fundamentados en investigaciones realizadas [&hellip;]","og_url":"https:\/\/unedpamplona.es\/eu\/conferencia-inteligencia-emocional-y-afrontamiento-del-cancer\/","og_site_name":"UNED Pamplona","article_published_time":"2025-02-04T09:33:41+00:00","article_modified_time":"2025-02-12T17:39:56+00:00","og_image":[{"width":1193,"height":502,"url":"https:\/\/unedpamplona.es\/wp-content\/uploads\/2025\/01\/Conferenciacancer.jpeg","type":"image\/jpeg"}],"author":"uned","twitter_card":"summary_large_image","twitter_creator":"@unedpamplona","twitter_site":"@unedpamplona","twitter_misc":{"Written by":"uned","Est. reading time":"2 minutes"},"schema":{"@context":"https:\/\/schema.org","@graph":[{"@type":"Article","@id":"https:\/\/unedpamplona.es\/eu\/conferencia-inteligencia-emocional-y-afrontamiento-del-cancer\/#article","isPartOf":{"@id":"https:\/\/unedpamplona.es\/eu\/conferencia-inteligencia-emocional-y-afrontamiento-del-cancer\/"},"author":{"name":"uned","@id":"https:\/\/unedpamplona.es\/eu\/#\/schema\/person\/62a05b70c6808d41d8de2111f2b5f568"},"headline":"Conferencia \u201cInteligencia emocional y afrontamiento del c\u00e1ncer\u201d: UNED Pamplona, 11 de febrero. Gratuita","datePublished":"2025-02-04T09:33:41+00:00","dateModified":"2025-02-12T17:39:56+00:00","mainEntityOfPage":{"@id":"https:\/\/unedpamplona.es\/eu\/conferencia-inteligencia-emocional-y-afrontamiento-del-cancer\/"},"wordCount":251,"publisher":{"@id":"https:\/\/unedpamplona.es\/eu\/#organization"},"image":{"@id":"https:\/\/unedpamplona.es\/eu\/conferencia-inteligencia-emocional-y-afrontamiento-del-cancer\/#primaryimage"},"thumbnailUrl":"https:\/\/unedpamplona.es\/wp-content\/uploads\/2025\/01\/Conferenciacancer.jpeg","articleSection":["Actualidad"],"inLanguage":"eu-ES"},{"@type":"WebPage","@id":"https:\/\/unedpamplona.es\/eu\/conferencia-inteligencia-emocional-y-afrontamiento-del-cancer\/","url":"https:\/\/unedpamplona.es\/eu\/conferencia-inteligencia-emocional-y-afrontamiento-del-cancer\/","name":"Conferencia \u201cInteligencia emocional y afrontamiento del c\u00e1ncer\u201d: UNED Pamplona, 11 de febrero. Gratuita - UNED Pamplona","isPartOf":{"@id":"https:\/\/unedpamplona.es\/eu\/#website"},"primaryImageOfPage":{"@id":"https:\/\/unedpamplona.es\/eu\/conferencia-inteligencia-emocional-y-afrontamiento-del-cancer\/#primaryimage"},"image":{"@id":"https:\/\/unedpamplona.es\/eu\/conferencia-inteligencia-emocional-y-afrontamiento-del-cancer\/#primaryimage"},"thumbnailUrl":"https:\/\/unedpamplona.es\/wp-content\/uploads\/2025\/01\/Conferenciacancer.jpeg","datePublished":"2025-02-04T09:33:41+00:00","dateModified":"2025-02-12T17:39:56+00:00","inLanguage":"eu-ES","potentialAction":[{"@type":"ReadAction","target":["https:\/\/unedpamplona.es\/eu\/conferencia-inteligencia-emocional-y-afrontamiento-del-cancer\/"]}]},{"@type":"ImageObject","inLanguage":"eu-ES","@id":"https:\/\/unedpamplona.es\/eu\/conferencia-inteligencia-emocional-y-afrontamiento-del-cancer\/#primaryimage","url":"https:\/\/unedpamplona.es\/wp-content\/uploads\/2025\/01\/Conferenciacancer.jpeg","contentUrl":"https:\/\/unedpamplona.es\/wp-content\/uploads\/2025\/01\/Conferenciacancer.jpeg","width":1193,"height":502},{"@type":"WebSite","@id":"https:\/\/unedpamplona.es\/eu\/#website","url":"https:\/\/unedpamplona.es\/eu\/","name":"UNED Pamplona","description":"","publisher":{"@id":"https:\/\/unedpamplona.es\/eu\/#organization"},"potentialAction":[{"@type":"SearchAction","target":{"@type":"EntryPoint","urlTemplate":"https:\/\/unedpamplona.es\/eu\/?s={search_term_string}"},"query-input":"required name=search_term_string"}],"inLanguage":"eu-ES"},{"@type":"Organization","@id":"https:\/\/unedpamplona.es\/eu\/#organization","name":"UNED Pamplona","url":"https:\/\/unedpamplona.es\/eu\/","logo":{"@type":"ImageObject","inLanguage":"eu-ES","@id":"https:\/\/unedpamplona.es\/eu\/#\/schema\/logo\/image\/","url":"https:\/\/unedpamplona.es\/wp-content\/uploads\/2024\/02\/uned_pamplona_logo.png","contentUrl":"https:\/\/unedpamplona.es\/wp-content\/uploads\/2024\/02\/uned_pamplona_logo.png","width":218,"height":104,"caption":"UNED Pamplona"},"image":{"@id":"https:\/\/unedpamplona.es\/eu\/#\/schema\/logo\/image\/"},"sameAs":["https:\/\/x.com\/unedpamplona","https:\/\/www.youtube.com\/channel\/UCR2jc6TbCMAPnbcA17Z0wwg","https:\/\/www.instagram.com\/unedpamplona\/"]},{"@type":"Person","@id":"https:\/\/unedpamplona.es\/eu\/#\/schema\/person\/62a05b70c6808d41d8de2111f2b5f568","name":"uned","image":{"@type":"ImageObject","inLanguage":"eu-ES","@id":"https:\/\/unedpamplona.es\/eu\/#\/schema\/person\/image\/","url":"https:\/\/secure.gravatar.com\/avatar\/344a1f8262dc552fd951ddf77b72239b?s=96&d=mm&r=g","contentUrl":"https:\/\/secure.gravatar.com\/avatar\/344a1f8262dc552fd951ddf77b72239b?s=96&d=mm&r=g","caption":"uned"},"url":"https:\/\/unedpamplona.es\/eu\/author\/uned\/"}]}},"_links":{"self":[{"href":"https:\/\/unedpamplona.es\/eu\/wp-json\/wp\/v2\/posts\/6290"}],"collection":[{"href":"https:\/\/unedpamplona.es\/eu\/wp-json\/wp\/v2\/posts"}],"about":[{"href":"https:\/\/unedpamplona.es\/eu\/wp-json\/wp\/v2\/types\/post"}],"author":[{"embeddable":true,"href":"https:\/\/unedpamplona.es\/eu\/wp-json\/wp\/v2\/users\/2"}],"replies":[{"embeddable":true,"href":"https:\/\/unedpamplona.es\/eu\/wp-json\/wp\/v2\/comments?post=6290"}],"version-history":[{"count":11,"href":"https:\/\/unedpamplona.es\/eu\/wp-json\/wp\/v2\/posts\/6290\/revisions"}],"predecessor-version":[{"id":6760,"href":"https:\/\/unedpamplona.es\/eu\/wp-json\/wp\/v2\/posts\/6290\/revisions\/6760"}],"wp:featuredmedia":[{"embeddable":true,"href":"https:\/\/unedpamplona.es\/eu\/wp-json\/wp\/v2\/media\/6291"}],"wp:attachment":[{"href":"https:\/\/unedpamplona.es\/eu\/wp-json\/wp\/v2\/media?parent=6290"}],"wp:term":[{"taxonomy":"category","embeddable":true,"href":"https:\/\/unedpamplona.es\/eu\/wp-json\/wp\/v2\/categories?post=6290"},{"taxonomy":"post_tag","embeddable":true,"href":"https:\/\/unedpamplona.es\/eu\/wp-json\/wp\/v2\/tags?post=6290"}],"curies":[{"name":"wp","href":"https:\/\/api.w.org\/{rel}","templated":true}]}}