{"id":6704,"date":"2025-02-06T18:22:45","date_gmt":"2025-02-06T17:22:45","guid":{"rendered":"https:\/\/unedpamplona.es\/?p=6704"},"modified":"2025-02-26T09:54:11","modified_gmt":"2025-02-26T08:54:11","slug":"ciclo-de-conferencias-sobre-la-inteligencia-emocional-y-el-tratamiento-del-cancer","status":"publish","type":"post","link":"https:\/\/unedpamplona.es\/eu\/ciclo-de-conferencias-sobre-la-inteligencia-emocional-y-el-tratamiento-del-cancer\/","title":{"rendered":"Ciclo de conferencias sobre la inteligencia emocional y el tratamiento del c\u00e1ncer"},"content":{"rendered":"<p>&nbsp;<\/p>\n<p>La C\u00e1tedra de Inteligencia Emocional UNED Pamplona \u2013 Fundaci\u00f3n Caja Navarra impartir\u00e1 a lo largo del mes de febrero tres conferencias con las siguientes tem\u00e1ticas:<\/p>\n<p>&nbsp;<\/p>\n<p><a href=\"https:\/\/extension.uned.es\/actividad\/42129&amp;codigo=GDEYC\"><strong>1. Conferencia: \u201cInteligencia emocional y afrontamiento del c\u00e1ncer\u201d<\/strong><\/a><\/p>\n<div class=\"elementor-element elementor-element-93e3ed0 elementor-widget elementor-widget-theme-post-content\" data-id=\"93e3ed0\" data-element_type=\"widget\" data-widget_type=\"theme-post-content.default\">\n<div class=\"elementor-widget-container\">\n<p><strong>Martes, 11 de febrero<\/strong>\u00a0de 2025, de\u00a0<strong>19:00 a 20:30<\/strong>\u00a0horas<\/p>\n<\/div>\n<p>&nbsp;<\/p>\n<\/div>\n<p><a href=\"https:\/\/extension.uned.es\/actividad\/42133&amp;codigo=CEEM\"><strong>2. Conferencia: \u00abGesti\u00f3n de emociones con c\u00e1ncer de mama\u201d<\/strong><\/a><\/p>\n<div class=\"cajasActividad\">\n<p><strong>Martes, 18 de febrero<\/strong>\u00a0de 2025, de\u00a0<strong>19:00 a 20:30<\/strong>\u00a0horas<\/p>\n<p>&nbsp;<\/p>\n<\/div>\n<div><a href=\"https:\/\/extension.uned.es\/actividad\/42137&amp;codigo=CDCP\"><strong>\u00a03. Conferencia: \u201cEmociones ante el c\u00e1ncer de un familiar\u201d<\/strong><\/a><\/div>\n<div><\/div>\n<div><strong>Martes, 25 de febrero<\/strong>\u00a0de 2025, de\u00a0<strong>19:00 a 20:30<\/strong>\u00a0horas<\/div>\n<p>&nbsp;<\/p>\n<p><a href=\"https:\/\/unedpamplona.es\/catedra\/ciclo-de-conferencias\/\">PROGRAMAS COMPLETOS<\/a><\/p>\n","protected":false},"excerpt":{"rendered":"<p>&nbsp; La C\u00e1tedra de Inteligencia Emocional UNED Pamplona \u2013 Fundaci\u00f3n Caja Navarra impartir\u00e1 a lo largo del mes de febrero tres conferencias con las siguientes tem\u00e1ticas: &nbsp; 1. Conferencia: \u201cInteligencia emocional y afrontamiento del c\u00e1ncer\u201d Martes, 11 de febrero\u00a0de 2025, de\u00a019:00 a 20:30\u00a0horas &nbsp; 2. Conferencia: \u00abGesti\u00f3n de emociones con c\u00e1ncer de mama\u201d Martes, 18 [&hellip;]<\/p>\n","protected":false},"author":2,"featured_media":6309,"comment_status":"closed","ping_status":"closed","sticky":false,"template":"","format":"standard","meta":{"footnotes":""},"categories":[],"tags":[],"yoast_head":"<!-- This site is optimized with the Yoast SEO plugin v22.5 - https:\/\/yoast.com\/wordpress\/plugins\/seo\/ -->\n<title>Ciclo de conferencias sobre la inteligencia emocional y el tratamiento del c\u00e1ncer - UNED Pamplona<\/title>\n<meta name=\"robots\" content=\"index, follow, max-snippet:-1, max-image-preview:large, max-video-preview:-1\" \/>\n<link rel=\"canonical\" href=\"https:\/\/unedpamplona.es\/eu\/ciclo-de-conferencias-sobre-la-inteligencia-emocional-y-el-tratamiento-del-cancer\/\" \/>\n<meta property=\"og:locale\" content=\"eu_ES\" \/>\n<meta property=\"og:type\" content=\"article\" \/>\n<meta property=\"og:title\" content=\"Ciclo de conferencias sobre la inteligencia emocional y el tratamiento del c\u00e1ncer - UNED Pamplona\" \/>\n<meta property=\"og:description\" content=\"&nbsp; La C\u00e1tedra de Inteligencia Emocional UNED Pamplona \u2013 Fundaci\u00f3n Caja Navarra impartir\u00e1 a lo largo del mes de febrero tres conferencias con las siguientes tem\u00e1ticas: &nbsp; 1. Conferencia: \u201cInteligencia emocional y afrontamiento del c\u00e1ncer\u201d Martes, 11 de febrero\u00a0de 2025, de\u00a019:00 a 20:30\u00a0horas &nbsp; 2. Conferencia: \u00abGesti\u00f3n de emociones con c\u00e1ncer de mama\u201d Martes, 18 [&hellip;]\" \/>\n<meta property=\"og:url\" content=\"https:\/\/unedpamplona.es\/eu\/ciclo-de-conferencias-sobre-la-inteligencia-emocional-y-el-tratamiento-del-cancer\/\" \/>\n<meta property=\"og:site_name\" content=\"UNED Pamplona\" \/>\n<meta property=\"article:published_time\" content=\"2025-02-06T17:22:45+00:00\" \/>\n<meta property=\"article:modified_time\" content=\"2025-02-26T08:54:11+00:00\" \/>\n<meta property=\"og:image\" content=\"https:\/\/unedpamplona.es\/wp-content\/uploads\/2025\/01\/Conferecniafamiliar-cancer.jpeg\" \/>\n\t<meta property=\"og:image:width\" content=\"1210\" \/>\n\t<meta property=\"og:image:height\" content=\"492\" \/>\n\t<meta property=\"og:image:type\" content=\"image\/jpeg\" \/>\n<meta name=\"author\" content=\"uned\" \/>\n<meta name=\"twitter:card\" content=\"summary_large_image\" \/>\n<meta name=\"twitter:creator\" content=\"@unedpamplona\" \/>\n<meta name=\"twitter:site\" content=\"@unedpamplona\" \/>\n<meta name=\"twitter:label1\" content=\"Written by\" \/>\n\t<meta name=\"twitter:data1\" content=\"uned\" \/>\n\t<meta name=\"twitter:label2\" content=\"Est. reading time\" \/>\n\t<meta name=\"twitter:data2\" content=\"1 minute\" \/>\n<script type=\"application\/ld+json\" class=\"yoast-schema-graph\">{\"@context\":\"https:\/\/schema.org\",\"@graph\":[{\"@type\":\"Article\",\"@id\":\"https:\/\/unedpamplona.es\/eu\/ciclo-de-conferencias-sobre-la-inteligencia-emocional-y-el-tratamiento-del-cancer\/#article\",\"isPartOf\":{\"@id\":\"https:\/\/unedpamplona.es\/eu\/ciclo-de-conferencias-sobre-la-inteligencia-emocional-y-el-tratamiento-del-cancer\/\"},\"author\":{\"name\":\"uned\",\"@id\":\"https:\/\/unedpamplona.es\/eu\/#\/schema\/person\/62a05b70c6808d41d8de2111f2b5f568\"},\"headline\":\"Ciclo de conferencias sobre la inteligencia emocional y el tratamiento del c\u00e1ncer\",\"datePublished\":\"2025-02-06T17:22:45+00:00\",\"dateModified\":\"2025-02-26T08:54:11+00:00\",\"mainEntityOfPage\":{\"@id\":\"https:\/\/unedpamplona.es\/eu\/ciclo-de-conferencias-sobre-la-inteligencia-emocional-y-el-tratamiento-del-cancer\/\"},\"wordCount\":95,\"publisher\":{\"@id\":\"https:\/\/unedpamplona.es\/eu\/#organization\"},\"image\":{\"@id\":\"https:\/\/unedpamplona.es\/eu\/ciclo-de-conferencias-sobre-la-inteligencia-emocional-y-el-tratamiento-del-cancer\/#primaryimage\"},\"thumbnailUrl\":\"https:\/\/unedpamplona.es\/wp-content\/uploads\/2025\/01\/Conferecniafamiliar-cancer.jpeg\",\"inLanguage\":\"eu-ES\"},{\"@type\":\"WebPage\",\"@id\":\"https:\/\/unedpamplona.es\/eu\/ciclo-de-conferencias-sobre-la-inteligencia-emocional-y-el-tratamiento-del-cancer\/\",\"url\":\"https:\/\/unedpamplona.es\/eu\/ciclo-de-conferencias-sobre-la-inteligencia-emocional-y-el-tratamiento-del-cancer\/\",\"name\":\"Ciclo de conferencias sobre la inteligencia emocional y el tratamiento del c\u00e1ncer - UNED Pamplona\",\"isPartOf\":{\"@id\":\"https:\/\/unedpamplona.es\/eu\/#website\"},\"primaryImageOfPage\":{\"@id\":\"https:\/\/unedpamplona.es\/eu\/ciclo-de-conferencias-sobre-la-inteligencia-emocional-y-el-tratamiento-del-cancer\/#primaryimage\"},\"image\":{\"@id\":\"https:\/\/unedpamplona.es\/eu\/ciclo-de-conferencias-sobre-la-inteligencia-emocional-y-el-tratamiento-del-cancer\/#primaryimage\"},\"thumbnailUrl\":\"https:\/\/unedpamplona.es\/wp-content\/uploads\/2025\/01\/Conferecniafamiliar-cancer.jpeg\",\"datePublished\":\"2025-02-06T17:22:45+00:00\",\"dateModified\":\"2025-02-26T08:54:11+00:00\",\"inLanguage\":\"eu-ES\",\"potentialAction\":[{\"@type\":\"ReadAction\",\"target\":[\"https:\/\/unedpamplona.es\/eu\/ciclo-de-conferencias-sobre-la-inteligencia-emocional-y-el-tratamiento-del-cancer\/\"]}]},{\"@type\":\"ImageObject\",\"inLanguage\":\"eu-ES\",\"@id\":\"https:\/\/unedpamplona.es\/eu\/ciclo-de-conferencias-sobre-la-inteligencia-emocional-y-el-tratamiento-del-cancer\/#primaryimage\",\"url\":\"https:\/\/unedpamplona.es\/wp-content\/uploads\/2025\/01\/Conferecniafamiliar-cancer.jpeg\",\"contentUrl\":\"https:\/\/unedpamplona.es\/wp-content\/uploads\/2025\/01\/Conferecniafamiliar-cancer.jpeg\",\"width\":1210,\"height\":492},{\"@type\":\"WebSite\",\"@id\":\"https:\/\/unedpamplona.es\/eu\/#website\",\"url\":\"https:\/\/unedpamplona.es\/eu\/\",\"name\":\"UNED Pamplona\",\"description\":\"\",\"publisher\":{\"@id\":\"https:\/\/unedpamplona.es\/eu\/#organization\"},\"potentialAction\":[{\"@type\":\"SearchAction\",\"target\":{\"@type\":\"EntryPoint\",\"urlTemplate\":\"https:\/\/unedpamplona.es\/eu\/?s={search_term_string}\"},\"query-input\":\"required name=search_term_string\"}],\"inLanguage\":\"eu-ES\"},{\"@type\":\"Organization\",\"@id\":\"https:\/\/unedpamplona.es\/eu\/#organization\",\"name\":\"UNED Pamplona\",\"url\":\"https:\/\/unedpamplona.es\/eu\/\",\"logo\":{\"@type\":\"ImageObject\",\"inLanguage\":\"eu-ES\",\"@id\":\"https:\/\/unedpamplona.es\/eu\/#\/schema\/logo\/image\/\",\"url\":\"https:\/\/unedpamplona.es\/wp-content\/uploads\/2024\/02\/uned_pamplona_logo.png\",\"contentUrl\":\"https:\/\/unedpamplona.es\/wp-content\/uploads\/2024\/02\/uned_pamplona_logo.png\",\"width\":218,\"height\":104,\"caption\":\"UNED Pamplona\"},\"image\":{\"@id\":\"https:\/\/unedpamplona.es\/eu\/#\/schema\/logo\/image\/\"},\"sameAs\":[\"https:\/\/x.com\/unedpamplona\",\"https:\/\/www.youtube.com\/channel\/UCR2jc6TbCMAPnbcA17Z0wwg\",\"https:\/\/www.instagram.com\/unedpamplona\/\"]},{\"@type\":\"Person\",\"@id\":\"https:\/\/unedpamplona.es\/eu\/#\/schema\/person\/62a05b70c6808d41d8de2111f2b5f568\",\"name\":\"uned\",\"image\":{\"@type\":\"ImageObject\",\"inLanguage\":\"eu-ES\",\"@id\":\"https:\/\/unedpamplona.es\/eu\/#\/schema\/person\/image\/\",\"url\":\"https:\/\/secure.gravatar.com\/avatar\/344a1f8262dc552fd951ddf77b72239b?s=96&d=mm&r=g\",\"contentUrl\":\"https:\/\/secure.gravatar.com\/avatar\/344a1f8262dc552fd951ddf77b72239b?s=96&d=mm&r=g\",\"caption\":\"uned\"},\"url\":\"https:\/\/unedpamplona.es\/eu\/author\/uned\/\"}]}<\/script>\n<!-- \/ Yoast SEO plugin. -->","yoast_head_json":{"title":"Ciclo de conferencias sobre la inteligencia emocional y el tratamiento del c\u00e1ncer - UNED Pamplona","robots":{"index":"index","follow":"follow","max-snippet":"max-snippet:-1","max-image-preview":"max-image-preview:large","max-video-preview":"max-video-preview:-1"},"canonical":"https:\/\/unedpamplona.es\/eu\/ciclo-de-conferencias-sobre-la-inteligencia-emocional-y-el-tratamiento-del-cancer\/","og_locale":"eu_ES","og_type":"article","og_title":"Ciclo de conferencias sobre la inteligencia emocional y el tratamiento del c\u00e1ncer - UNED Pamplona","og_description":"&nbsp; La C\u00e1tedra de Inteligencia Emocional UNED Pamplona \u2013 Fundaci\u00f3n Caja Navarra impartir\u00e1 a lo largo del mes de febrero tres conferencias con las siguientes tem\u00e1ticas: &nbsp; 1. Conferencia: \u201cInteligencia emocional y afrontamiento del c\u00e1ncer\u201d Martes, 11 de febrero\u00a0de 2025, de\u00a019:00 a 20:30\u00a0horas &nbsp; 2. Conferencia: \u00abGesti\u00f3n de emociones con c\u00e1ncer de mama\u201d Martes, 18 [&hellip;]","og_url":"https:\/\/unedpamplona.es\/eu\/ciclo-de-conferencias-sobre-la-inteligencia-emocional-y-el-tratamiento-del-cancer\/","og_site_name":"UNED Pamplona","article_published_time":"2025-02-06T17:22:45+00:00","article_modified_time":"2025-02-26T08:54:11+00:00","og_image":[{"width":1210,"height":492,"url":"https:\/\/unedpamplona.es\/wp-content\/uploads\/2025\/01\/Conferecniafamiliar-cancer.jpeg","type":"image\/jpeg"}],"author":"uned","twitter_card":"summary_large_image","twitter_creator":"@unedpamplona","twitter_site":"@unedpamplona","twitter_misc":{"Written by":"uned","Est. reading time":"1 minute"},"schema":{"@context":"https:\/\/schema.org","@graph":[{"@type":"Article","@id":"https:\/\/unedpamplona.es\/eu\/ciclo-de-conferencias-sobre-la-inteligencia-emocional-y-el-tratamiento-del-cancer\/#article","isPartOf":{"@id":"https:\/\/unedpamplona.es\/eu\/ciclo-de-conferencias-sobre-la-inteligencia-emocional-y-el-tratamiento-del-cancer\/"},"author":{"name":"uned","@id":"https:\/\/unedpamplona.es\/eu\/#\/schema\/person\/62a05b70c6808d41d8de2111f2b5f568"},"headline":"Ciclo de conferencias sobre la inteligencia emocional y el tratamiento del c\u00e1ncer","datePublished":"2025-02-06T17:22:45+00:00","dateModified":"2025-02-26T08:54:11+00:00","mainEntityOfPage":{"@id":"https:\/\/unedpamplona.es\/eu\/ciclo-de-conferencias-sobre-la-inteligencia-emocional-y-el-tratamiento-del-cancer\/"},"wordCount":95,"publisher":{"@id":"https:\/\/unedpamplona.es\/eu\/#organization"},"image":{"@id":"https:\/\/unedpamplona.es\/eu\/ciclo-de-conferencias-sobre-la-inteligencia-emocional-y-el-tratamiento-del-cancer\/#primaryimage"},"thumbnailUrl":"https:\/\/unedpamplona.es\/wp-content\/uploads\/2025\/01\/Conferecniafamiliar-cancer.jpeg","inLanguage":"eu-ES"},{"@type":"WebPage","@id":"https:\/\/unedpamplona.es\/eu\/ciclo-de-conferencias-sobre-la-inteligencia-emocional-y-el-tratamiento-del-cancer\/","url":"https:\/\/unedpamplona.es\/eu\/ciclo-de-conferencias-sobre-la-inteligencia-emocional-y-el-tratamiento-del-cancer\/","name":"Ciclo de conferencias sobre la inteligencia emocional y el tratamiento del c\u00e1ncer - UNED Pamplona","isPartOf":{"@id":"https:\/\/unedpamplona.es\/eu\/#website"},"primaryImageOfPage":{"@id":"https:\/\/unedpamplona.es\/eu\/ciclo-de-conferencias-sobre-la-inteligencia-emocional-y-el-tratamiento-del-cancer\/#primaryimage"},"image":{"@id":"https:\/\/unedpamplona.es\/eu\/ciclo-de-conferencias-sobre-la-inteligencia-emocional-y-el-tratamiento-del-cancer\/#primaryimage"},"thumbnailUrl":"https:\/\/unedpamplona.es\/wp-content\/uploads\/2025\/01\/Conferecniafamiliar-cancer.jpeg","datePublished":"2025-02-06T17:22:45+00:00","dateModified":"2025-02-26T08:54:11+00:00","inLanguage":"eu-ES","potentialAction":[{"@type":"ReadAction","target":["https:\/\/unedpamplona.es\/eu\/ciclo-de-conferencias-sobre-la-inteligencia-emocional-y-el-tratamiento-del-cancer\/"]}]},{"@type":"ImageObject","inLanguage":"eu-ES","@id":"https:\/\/unedpamplona.es\/eu\/ciclo-de-conferencias-sobre-la-inteligencia-emocional-y-el-tratamiento-del-cancer\/#primaryimage","url":"https:\/\/unedpamplona.es\/wp-content\/uploads\/2025\/01\/Conferecniafamiliar-cancer.jpeg","contentUrl":"https:\/\/unedpamplona.es\/wp-content\/uploads\/2025\/01\/Conferecniafamiliar-cancer.jpeg","width":1210,"height":492},{"@type":"WebSite","@id":"https:\/\/unedpamplona.es\/eu\/#website","url":"https:\/\/unedpamplona.es\/eu\/","name":"UNED Pamplona","description":"","publisher":{"@id":"https:\/\/unedpamplona.es\/eu\/#organization"},"potentialAction":[{"@type":"SearchAction","target":{"@type":"EntryPoint","urlTemplate":"https:\/\/unedpamplona.es\/eu\/?s={search_term_string}"},"query-input":"required name=search_term_string"}],"inLanguage":"eu-ES"},{"@type":"Organization","@id":"https:\/\/unedpamplona.es\/eu\/#organization","name":"UNED Pamplona","url":"https:\/\/unedpamplona.es\/eu\/","logo":{"@type":"ImageObject","inLanguage":"eu-ES","@id":"https:\/\/unedpamplona.es\/eu\/#\/schema\/logo\/image\/","url":"https:\/\/unedpamplona.es\/wp-content\/uploads\/2024\/02\/uned_pamplona_logo.png","contentUrl":"https:\/\/unedpamplona.es\/wp-content\/uploads\/2024\/02\/uned_pamplona_logo.png","width":218,"height":104,"caption":"UNED Pamplona"},"image":{"@id":"https:\/\/unedpamplona.es\/eu\/#\/schema\/logo\/image\/"},"sameAs":["https:\/\/x.com\/unedpamplona","https:\/\/www.youtube.com\/channel\/UCR2jc6TbCMAPnbcA17Z0wwg","https:\/\/www.instagram.com\/unedpamplona\/"]},{"@type":"Person","@id":"https:\/\/unedpamplona.es\/eu\/#\/schema\/person\/62a05b70c6808d41d8de2111f2b5f568","name":"uned","image":{"@type":"ImageObject","inLanguage":"eu-ES","@id":"https:\/\/unedpamplona.es\/eu\/#\/schema\/person\/image\/","url":"https:\/\/secure.gravatar.com\/avatar\/344a1f8262dc552fd951ddf77b72239b?s=96&d=mm&r=g","contentUrl":"https:\/\/secure.gravatar.com\/avatar\/344a1f8262dc552fd951ddf77b72239b?s=96&d=mm&r=g","caption":"uned"},"url":"https:\/\/unedpamplona.es\/eu\/author\/uned\/"}]}},"_links":{"self":[{"href":"https:\/\/unedpamplona.es\/eu\/wp-json\/wp\/v2\/posts\/6704"}],"collection":[{"href":"https:\/\/unedpamplona.es\/eu\/wp-json\/wp\/v2\/posts"}],"about":[{"href":"https:\/\/unedpamplona.es\/eu\/wp-json\/wp\/v2\/types\/post"}],"author":[{"embeddable":true,"href":"https:\/\/unedpamplona.es\/eu\/wp-json\/wp\/v2\/users\/2"}],"replies":[{"embeddable":true,"href":"https:\/\/unedpamplona.es\/eu\/wp-json\/wp\/v2\/comments?post=6704"}],"version-history":[{"count":1,"href":"https:\/\/unedpamplona.es\/eu\/wp-json\/wp\/v2\/posts\/6704\/revisions"}],"predecessor-version":[{"id":6705,"href":"https:\/\/unedpamplona.es\/eu\/wp-json\/wp\/v2\/posts\/6704\/revisions\/6705"}],"wp:featuredmedia":[{"embeddable":true,"href":"https:\/\/unedpamplona.es\/eu\/wp-json\/wp\/v2\/media\/6309"}],"wp:attachment":[{"href":"https:\/\/unedpamplona.es\/eu\/wp-json\/wp\/v2\/media?parent=6704"}],"wp:term":[{"taxonomy":"category","embeddable":true,"href":"https:\/\/unedpamplona.es\/eu\/wp-json\/wp\/v2\/categories?post=6704"},{"taxonomy":"post_tag","embeddable":true,"href":"https:\/\/unedpamplona.es\/eu\/wp-json\/wp\/v2\/tags?post=6704"}],"curies":[{"name":"wp","href":"https:\/\/api.w.org\/{rel}","templated":true}]}}