{"id":6710,"date":"2025-02-07T10:09:34","date_gmt":"2025-02-07T09:09:34","guid":{"rendered":"https:\/\/unedpamplona.es\/?p=6710"},"modified":"2025-02-07T10:57:36","modified_gmt":"2025-02-07T09:57:36","slug":"se-crea-un-grupo-de-estudiantes-del-grado-de-estudios-ingleses-para-practicar-el-idioma","status":"publish","type":"post","link":"https:\/\/unedpamplona.es\/eu\/se-crea-un-grupo-de-estudiantes-del-grado-de-estudios-ingleses-para-practicar-el-idioma\/","title":{"rendered":"\u00bfEst\u00e1s cursando el grado de Estudios Ingleses y quieres practicar ingl\u00e9s? Ap\u00fantate al grupo que comienza el 13 de febrero"},"content":{"rendered":"<div class=\"elementor-element elementor-element-cafa4d6 elementor-widget elementor-widget-heading\" data-id=\"cafa4d6\" data-element_type=\"widget\" data-widget_type=\"heading.default\">\n<div class=\"elementor-widget-container\">\n<div class=\"elementor-element elementor-element-f574c62 elementor-widget elementor-widget-text-editor\" data-id=\"f574c62\" data-element_type=\"widget\" data-widget_type=\"text-editor.default\">\n<div class=\"elementor-widget-container\">\n<p>UNED Pamplona ha\u00a0creado\u00a0un grupo para alumnado matriculado en el Grado en Estudios Ingleses con el fin de practicar la lengua inglesa.<\/p>\n<p>Las reuniones tendr\u00e1n lugar los\u00a0<strong>jueves, de 18 a 20 horas,<\/strong>\u00a0en UNED Pamplona y\u00a0los objetivos que se plantean son:<\/p>\n<ol>\n<li>Potenciar la competencia oral de la lengua inglesa.<\/li>\n<li>\u00a0Compartir las experiencias adquiridas en las asignaturas cursadas del GEI.<\/li>\n<li>Conversar sobre nuestras PECs y lecturas que realizamos en el GEI.<\/li>\n<li>Acompa\u00f1ar en la vivencia de realizar los estudios de forma semipresencial, para planificar<\/li>\n<li>Aportar las estrategias adquiridas para el desarrollo de nuestras habilidades acad\u00e9micas.<\/li>\n<\/ol>\n<p>El estudiante Pablo Gonz\u00e1lez est\u00e1 liderando esta propuesta, que se iniciar\u00e1 e<strong>l jueves 13 de febrero, a las 18 horas.<\/strong><\/p>\n<p>Las personas interesadas pod\u00e9is escribirnos tanto al Servicio de Orientaci\u00f3n Informaci\u00f3n como a\u00a0<a href=\"mailto:pgonzalez1544@alumno.uned.es\">pgonzalez1544@alumno.uned.es<\/a>, para generar el contacto inicial y participar en este grupo.<\/p>\n<\/div>\n<\/div>\n<\/div>\n<\/div>\n<div class=\"elementor-element elementor-element-f574c62 elementor-widget elementor-widget-text-editor\" data-id=\"f574c62\" data-element_type=\"widget\" data-widget_type=\"text-editor.default\">\n<div class=\"elementor-widget-container\">\n<div class=\"elementor-element elementor-element-f574c62 elementor-widget elementor-widget-text-editor\" data-id=\"f574c62\" data-element_type=\"widget\" data-widget_type=\"text-editor.default\">\n<div class=\"elementor-widget-container\"><\/div>\n<\/div>\n<p>&nbsp;<\/p>\n<\/div>\n<\/div>\n","protected":false},"excerpt":{"rendered":"<p>UNED Pamplona ha\u00a0creado\u00a0un grupo para alumnado matriculado en el Grado en Estudios Ingleses con el fin de practicar la lengua inglesa. Las reuniones tendr\u00e1n lugar los\u00a0jueves, de 18 a 20 horas,\u00a0en UNED Pamplona y\u00a0los objetivos que se plantean son: Potenciar la competencia oral de la lengua inglesa. \u00a0Compartir las experiencias adquiridas en las asignaturas cursadas [&hellip;]<\/p>\n","protected":false},"author":2,"featured_media":6711,"comment_status":"closed","ping_status":"closed","sticky":false,"template":"","format":"standard","meta":{"footnotes":""},"categories":[1],"tags":[],"yoast_head":"<!-- This site is optimized with the Yoast SEO plugin v22.5 - https:\/\/yoast.com\/wordpress\/plugins\/seo\/ -->\n<title>\u00bfEst\u00e1s cursando el grado de Estudios Ingleses y quieres practicar ingl\u00e9s? Ap\u00fantate al grupo que comienza el 13 de febrero - UNED Pamplona<\/title>\n<meta name=\"robots\" content=\"index, follow, max-snippet:-1, max-image-preview:large, max-video-preview:-1\" \/>\n<link rel=\"canonical\" href=\"https:\/\/unedpamplona.es\/eu\/se-crea-un-grupo-de-estudiantes-del-grado-de-estudios-ingleses-para-practicar-el-idioma\/\" \/>\n<meta property=\"og:locale\" content=\"eu_ES\" \/>\n<meta property=\"og:type\" content=\"article\" \/>\n<meta property=\"og:title\" content=\"\u00bfEst\u00e1s cursando el grado de Estudios Ingleses y quieres practicar ingl\u00e9s? Ap\u00fantate al grupo que comienza el 13 de febrero - UNED Pamplona\" \/>\n<meta property=\"og:description\" content=\"UNED Pamplona ha\u00a0creado\u00a0un grupo para alumnado matriculado en el Grado en Estudios Ingleses con el fin de practicar la lengua inglesa. Las reuniones tendr\u00e1n lugar los\u00a0jueves, de 18 a 20 horas,\u00a0en UNED Pamplona y\u00a0los objetivos que se plantean son: Potenciar la competencia oral de la lengua inglesa. \u00a0Compartir las experiencias adquiridas en las asignaturas cursadas [&hellip;]\" \/>\n<meta property=\"og:url\" content=\"https:\/\/unedpamplona.es\/eu\/se-crea-un-grupo-de-estudiantes-del-grado-de-estudios-ingleses-para-practicar-el-idioma\/\" \/>\n<meta property=\"og:site_name\" content=\"UNED Pamplona\" \/>\n<meta property=\"article:published_time\" content=\"2025-02-07T09:09:34+00:00\" \/>\n<meta property=\"article:modified_time\" content=\"2025-02-07T09:57:36+00:00\" \/>\n<meta property=\"og:image\" content=\"https:\/\/unedpamplona.es\/wp-content\/uploads\/2025\/02\/Captura-de-pantalla_7-2-2025_93658_www.canva_.com_.jpeg\" \/>\n\t<meta property=\"og:image:width\" content=\"676\" \/>\n\t<meta property=\"og:image:height\" content=\"479\" \/>\n\t<meta property=\"og:image:type\" content=\"image\/jpeg\" \/>\n<meta name=\"author\" content=\"uned\" \/>\n<meta name=\"twitter:card\" content=\"summary_large_image\" \/>\n<meta name=\"twitter:creator\" content=\"@unedpamplona\" \/>\n<meta name=\"twitter:site\" content=\"@unedpamplona\" \/>\n<meta name=\"twitter:label1\" content=\"Written by\" \/>\n\t<meta name=\"twitter:data1\" content=\"uned\" \/>\n\t<meta name=\"twitter:label2\" content=\"Est. reading time\" \/>\n\t<meta name=\"twitter:data2\" content=\"1 minute\" \/>\n<script type=\"application\/ld+json\" class=\"yoast-schema-graph\">{\"@context\":\"https:\/\/schema.org\",\"@graph\":[{\"@type\":\"Article\",\"@id\":\"https:\/\/unedpamplona.es\/eu\/se-crea-un-grupo-de-estudiantes-del-grado-de-estudios-ingleses-para-practicar-el-idioma\/#article\",\"isPartOf\":{\"@id\":\"https:\/\/unedpamplona.es\/eu\/se-crea-un-grupo-de-estudiantes-del-grado-de-estudios-ingleses-para-practicar-el-idioma\/\"},\"author\":{\"name\":\"uned\",\"@id\":\"https:\/\/unedpamplona.es\/eu\/#\/schema\/person\/62a05b70c6808d41d8de2111f2b5f568\"},\"headline\":\"\u00bfEst\u00e1s cursando el grado de Estudios Ingleses y quieres practicar ingl\u00e9s? Ap\u00fantate al grupo que comienza el 13 de febrero\",\"datePublished\":\"2025-02-07T09:09:34+00:00\",\"dateModified\":\"2025-02-07T09:57:36+00:00\",\"mainEntityOfPage\":{\"@id\":\"https:\/\/unedpamplona.es\/eu\/se-crea-un-grupo-de-estudiantes-del-grado-de-estudios-ingleses-para-practicar-el-idioma\/\"},\"wordCount\":170,\"publisher\":{\"@id\":\"https:\/\/unedpamplona.es\/eu\/#organization\"},\"image\":{\"@id\":\"https:\/\/unedpamplona.es\/eu\/se-crea-un-grupo-de-estudiantes-del-grado-de-estudios-ingleses-para-practicar-el-idioma\/#primaryimage\"},\"thumbnailUrl\":\"https:\/\/unedpamplona.es\/wp-content\/uploads\/2025\/02\/Captura-de-pantalla_7-2-2025_93658_www.canva_.com_.jpeg\",\"articleSection\":[\"Sin categorizar\"],\"inLanguage\":\"eu-ES\"},{\"@type\":\"WebPage\",\"@id\":\"https:\/\/unedpamplona.es\/eu\/se-crea-un-grupo-de-estudiantes-del-grado-de-estudios-ingleses-para-practicar-el-idioma\/\",\"url\":\"https:\/\/unedpamplona.es\/eu\/se-crea-un-grupo-de-estudiantes-del-grado-de-estudios-ingleses-para-practicar-el-idioma\/\",\"name\":\"\u00bfEst\u00e1s cursando el grado de Estudios Ingleses y quieres practicar ingl\u00e9s? Ap\u00fantate al grupo que comienza el 13 de febrero - UNED Pamplona\",\"isPartOf\":{\"@id\":\"https:\/\/unedpamplona.es\/eu\/#website\"},\"primaryImageOfPage\":{\"@id\":\"https:\/\/unedpamplona.es\/eu\/se-crea-un-grupo-de-estudiantes-del-grado-de-estudios-ingleses-para-practicar-el-idioma\/#primaryimage\"},\"image\":{\"@id\":\"https:\/\/unedpamplona.es\/eu\/se-crea-un-grupo-de-estudiantes-del-grado-de-estudios-ingleses-para-practicar-el-idioma\/#primaryimage\"},\"thumbnailUrl\":\"https:\/\/unedpamplona.es\/wp-content\/uploads\/2025\/02\/Captura-de-pantalla_7-2-2025_93658_www.canva_.com_.jpeg\",\"datePublished\":\"2025-02-07T09:09:34+00:00\",\"dateModified\":\"2025-02-07T09:57:36+00:00\",\"inLanguage\":\"eu-ES\",\"potentialAction\":[{\"@type\":\"ReadAction\",\"target\":[\"https:\/\/unedpamplona.es\/eu\/se-crea-un-grupo-de-estudiantes-del-grado-de-estudios-ingleses-para-practicar-el-idioma\/\"]}]},{\"@type\":\"ImageObject\",\"inLanguage\":\"eu-ES\",\"@id\":\"https:\/\/unedpamplona.es\/eu\/se-crea-un-grupo-de-estudiantes-del-grado-de-estudios-ingleses-para-practicar-el-idioma\/#primaryimage\",\"url\":\"https:\/\/unedpamplona.es\/wp-content\/uploads\/2025\/02\/Captura-de-pantalla_7-2-2025_93658_www.canva_.com_.jpeg\",\"contentUrl\":\"https:\/\/unedpamplona.es\/wp-content\/uploads\/2025\/02\/Captura-de-pantalla_7-2-2025_93658_www.canva_.com_.jpeg\",\"width\":676,\"height\":479},{\"@type\":\"WebSite\",\"@id\":\"https:\/\/unedpamplona.es\/eu\/#website\",\"url\":\"https:\/\/unedpamplona.es\/eu\/\",\"name\":\"UNED Pamplona\",\"description\":\"\",\"publisher\":{\"@id\":\"https:\/\/unedpamplona.es\/eu\/#organization\"},\"potentialAction\":[{\"@type\":\"SearchAction\",\"target\":{\"@type\":\"EntryPoint\",\"urlTemplate\":\"https:\/\/unedpamplona.es\/eu\/?s={search_term_string}\"},\"query-input\":\"required name=search_term_string\"}],\"inLanguage\":\"eu-ES\"},{\"@type\":\"Organization\",\"@id\":\"https:\/\/unedpamplona.es\/eu\/#organization\",\"name\":\"UNED Pamplona\",\"url\":\"https:\/\/unedpamplona.es\/eu\/\",\"logo\":{\"@type\":\"ImageObject\",\"inLanguage\":\"eu-ES\",\"@id\":\"https:\/\/unedpamplona.es\/eu\/#\/schema\/logo\/image\/\",\"url\":\"https:\/\/unedpamplona.es\/wp-content\/uploads\/2024\/02\/uned_pamplona_logo.png\",\"contentUrl\":\"https:\/\/unedpamplona.es\/wp-content\/uploads\/2024\/02\/uned_pamplona_logo.png\",\"width\":218,\"height\":104,\"caption\":\"UNED Pamplona\"},\"image\":{\"@id\":\"https:\/\/unedpamplona.es\/eu\/#\/schema\/logo\/image\/\"},\"sameAs\":[\"https:\/\/x.com\/unedpamplona\",\"https:\/\/www.youtube.com\/channel\/UCR2jc6TbCMAPnbcA17Z0wwg\",\"https:\/\/www.instagram.com\/unedpamplona\/\"]},{\"@type\":\"Person\",\"@id\":\"https:\/\/unedpamplona.es\/eu\/#\/schema\/person\/62a05b70c6808d41d8de2111f2b5f568\",\"name\":\"uned\",\"image\":{\"@type\":\"ImageObject\",\"inLanguage\":\"eu-ES\",\"@id\":\"https:\/\/unedpamplona.es\/eu\/#\/schema\/person\/image\/\",\"url\":\"https:\/\/secure.gravatar.com\/avatar\/344a1f8262dc552fd951ddf77b72239b?s=96&d=mm&r=g\",\"contentUrl\":\"https:\/\/secure.gravatar.com\/avatar\/344a1f8262dc552fd951ddf77b72239b?s=96&d=mm&r=g\",\"caption\":\"uned\"},\"url\":\"https:\/\/unedpamplona.es\/eu\/author\/uned\/\"}]}<\/script>\n<!-- \/ Yoast SEO plugin. -->","yoast_head_json":{"title":"\u00bfEst\u00e1s cursando el grado de Estudios Ingleses y quieres practicar ingl\u00e9s? Ap\u00fantate al grupo que comienza el 13 de febrero - UNED Pamplona","robots":{"index":"index","follow":"follow","max-snippet":"max-snippet:-1","max-image-preview":"max-image-preview:large","max-video-preview":"max-video-preview:-1"},"canonical":"https:\/\/unedpamplona.es\/eu\/se-crea-un-grupo-de-estudiantes-del-grado-de-estudios-ingleses-para-practicar-el-idioma\/","og_locale":"eu_ES","og_type":"article","og_title":"\u00bfEst\u00e1s cursando el grado de Estudios Ingleses y quieres practicar ingl\u00e9s? Ap\u00fantate al grupo que comienza el 13 de febrero - UNED Pamplona","og_description":"UNED Pamplona ha\u00a0creado\u00a0un grupo para alumnado matriculado en el Grado en Estudios Ingleses con el fin de practicar la lengua inglesa. Las reuniones tendr\u00e1n lugar los\u00a0jueves, de 18 a 20 horas,\u00a0en UNED Pamplona y\u00a0los objetivos que se plantean son: Potenciar la competencia oral de la lengua inglesa. \u00a0Compartir las experiencias adquiridas en las asignaturas cursadas [&hellip;]","og_url":"https:\/\/unedpamplona.es\/eu\/se-crea-un-grupo-de-estudiantes-del-grado-de-estudios-ingleses-para-practicar-el-idioma\/","og_site_name":"UNED Pamplona","article_published_time":"2025-02-07T09:09:34+00:00","article_modified_time":"2025-02-07T09:57:36+00:00","og_image":[{"width":676,"height":479,"url":"https:\/\/unedpamplona.es\/wp-content\/uploads\/2025\/02\/Captura-de-pantalla_7-2-2025_93658_www.canva_.com_.jpeg","type":"image\/jpeg"}],"author":"uned","twitter_card":"summary_large_image","twitter_creator":"@unedpamplona","twitter_site":"@unedpamplona","twitter_misc":{"Written by":"uned","Est. reading time":"1 minute"},"schema":{"@context":"https:\/\/schema.org","@graph":[{"@type":"Article","@id":"https:\/\/unedpamplona.es\/eu\/se-crea-un-grupo-de-estudiantes-del-grado-de-estudios-ingleses-para-practicar-el-idioma\/#article","isPartOf":{"@id":"https:\/\/unedpamplona.es\/eu\/se-crea-un-grupo-de-estudiantes-del-grado-de-estudios-ingleses-para-practicar-el-idioma\/"},"author":{"name":"uned","@id":"https:\/\/unedpamplona.es\/eu\/#\/schema\/person\/62a05b70c6808d41d8de2111f2b5f568"},"headline":"\u00bfEst\u00e1s cursando el grado de Estudios Ingleses y quieres practicar ingl\u00e9s? Ap\u00fantate al grupo que comienza el 13 de febrero","datePublished":"2025-02-07T09:09:34+00:00","dateModified":"2025-02-07T09:57:36+00:00","mainEntityOfPage":{"@id":"https:\/\/unedpamplona.es\/eu\/se-crea-un-grupo-de-estudiantes-del-grado-de-estudios-ingleses-para-practicar-el-idioma\/"},"wordCount":170,"publisher":{"@id":"https:\/\/unedpamplona.es\/eu\/#organization"},"image":{"@id":"https:\/\/unedpamplona.es\/eu\/se-crea-un-grupo-de-estudiantes-del-grado-de-estudios-ingleses-para-practicar-el-idioma\/#primaryimage"},"thumbnailUrl":"https:\/\/unedpamplona.es\/wp-content\/uploads\/2025\/02\/Captura-de-pantalla_7-2-2025_93658_www.canva_.com_.jpeg","articleSection":["Sin categorizar"],"inLanguage":"eu-ES"},{"@type":"WebPage","@id":"https:\/\/unedpamplona.es\/eu\/se-crea-un-grupo-de-estudiantes-del-grado-de-estudios-ingleses-para-practicar-el-idioma\/","url":"https:\/\/unedpamplona.es\/eu\/se-crea-un-grupo-de-estudiantes-del-grado-de-estudios-ingleses-para-practicar-el-idioma\/","name":"\u00bfEst\u00e1s cursando el grado de Estudios Ingleses y quieres practicar ingl\u00e9s? Ap\u00fantate al grupo que comienza el 13 de febrero - UNED Pamplona","isPartOf":{"@id":"https:\/\/unedpamplona.es\/eu\/#website"},"primaryImageOfPage":{"@id":"https:\/\/unedpamplona.es\/eu\/se-crea-un-grupo-de-estudiantes-del-grado-de-estudios-ingleses-para-practicar-el-idioma\/#primaryimage"},"image":{"@id":"https:\/\/unedpamplona.es\/eu\/se-crea-un-grupo-de-estudiantes-del-grado-de-estudios-ingleses-para-practicar-el-idioma\/#primaryimage"},"thumbnailUrl":"https:\/\/unedpamplona.es\/wp-content\/uploads\/2025\/02\/Captura-de-pantalla_7-2-2025_93658_www.canva_.com_.jpeg","datePublished":"2025-02-07T09:09:34+00:00","dateModified":"2025-02-07T09:57:36+00:00","inLanguage":"eu-ES","potentialAction":[{"@type":"ReadAction","target":["https:\/\/unedpamplona.es\/eu\/se-crea-un-grupo-de-estudiantes-del-grado-de-estudios-ingleses-para-practicar-el-idioma\/"]}]},{"@type":"ImageObject","inLanguage":"eu-ES","@id":"https:\/\/unedpamplona.es\/eu\/se-crea-un-grupo-de-estudiantes-del-grado-de-estudios-ingleses-para-practicar-el-idioma\/#primaryimage","url":"https:\/\/unedpamplona.es\/wp-content\/uploads\/2025\/02\/Captura-de-pantalla_7-2-2025_93658_www.canva_.com_.jpeg","contentUrl":"https:\/\/unedpamplona.es\/wp-content\/uploads\/2025\/02\/Captura-de-pantalla_7-2-2025_93658_www.canva_.com_.jpeg","width":676,"height":479},{"@type":"WebSite","@id":"https:\/\/unedpamplona.es\/eu\/#website","url":"https:\/\/unedpamplona.es\/eu\/","name":"UNED Pamplona","description":"","publisher":{"@id":"https:\/\/unedpamplona.es\/eu\/#organization"},"potentialAction":[{"@type":"SearchAction","target":{"@type":"EntryPoint","urlTemplate":"https:\/\/unedpamplona.es\/eu\/?s={search_term_string}"},"query-input":"required name=search_term_string"}],"inLanguage":"eu-ES"},{"@type":"Organization","@id":"https:\/\/unedpamplona.es\/eu\/#organization","name":"UNED Pamplona","url":"https:\/\/unedpamplona.es\/eu\/","logo":{"@type":"ImageObject","inLanguage":"eu-ES","@id":"https:\/\/unedpamplona.es\/eu\/#\/schema\/logo\/image\/","url":"https:\/\/unedpamplona.es\/wp-content\/uploads\/2024\/02\/uned_pamplona_logo.png","contentUrl":"https:\/\/unedpamplona.es\/wp-content\/uploads\/2024\/02\/uned_pamplona_logo.png","width":218,"height":104,"caption":"UNED Pamplona"},"image":{"@id":"https:\/\/unedpamplona.es\/eu\/#\/schema\/logo\/image\/"},"sameAs":["https:\/\/x.com\/unedpamplona","https:\/\/www.youtube.com\/channel\/UCR2jc6TbCMAPnbcA17Z0wwg","https:\/\/www.instagram.com\/unedpamplona\/"]},{"@type":"Person","@id":"https:\/\/unedpamplona.es\/eu\/#\/schema\/person\/62a05b70c6808d41d8de2111f2b5f568","name":"uned","image":{"@type":"ImageObject","inLanguage":"eu-ES","@id":"https:\/\/unedpamplona.es\/eu\/#\/schema\/person\/image\/","url":"https:\/\/secure.gravatar.com\/avatar\/344a1f8262dc552fd951ddf77b72239b?s=96&d=mm&r=g","contentUrl":"https:\/\/secure.gravatar.com\/avatar\/344a1f8262dc552fd951ddf77b72239b?s=96&d=mm&r=g","caption":"uned"},"url":"https:\/\/unedpamplona.es\/eu\/author\/uned\/"}]}},"_links":{"self":[{"href":"https:\/\/unedpamplona.es\/eu\/wp-json\/wp\/v2\/posts\/6710"}],"collection":[{"href":"https:\/\/unedpamplona.es\/eu\/wp-json\/wp\/v2\/posts"}],"about":[{"href":"https:\/\/unedpamplona.es\/eu\/wp-json\/wp\/v2\/types\/post"}],"author":[{"embeddable":true,"href":"https:\/\/unedpamplona.es\/eu\/wp-json\/wp\/v2\/users\/2"}],"replies":[{"embeddable":true,"href":"https:\/\/unedpamplona.es\/eu\/wp-json\/wp\/v2\/comments?post=6710"}],"version-history":[{"count":7,"href":"https:\/\/unedpamplona.es\/eu\/wp-json\/wp\/v2\/posts\/6710\/revisions"}],"predecessor-version":[{"id":6719,"href":"https:\/\/unedpamplona.es\/eu\/wp-json\/wp\/v2\/posts\/6710\/revisions\/6719"}],"wp:featuredmedia":[{"embeddable":true,"href":"https:\/\/unedpamplona.es\/eu\/wp-json\/wp\/v2\/media\/6711"}],"wp:attachment":[{"href":"https:\/\/unedpamplona.es\/eu\/wp-json\/wp\/v2\/media?parent=6710"}],"wp:term":[{"taxonomy":"category","embeddable":true,"href":"https:\/\/unedpamplona.es\/eu\/wp-json\/wp\/v2\/categories?post=6710"},{"taxonomy":"post_tag","embeddable":true,"href":"https:\/\/unedpamplona.es\/eu\/wp-json\/wp\/v2\/tags?post=6710"}],"curies":[{"name":"wp","href":"https:\/\/api.w.org\/{rel}","templated":true}]}}