{"id":6810,"date":"2025-02-12T13:33:13","date_gmt":"2025-02-12T12:33:13","guid":{"rendered":"https:\/\/unedpamplona.es\/?p=6810"},"modified":"2025-02-12T13:34:58","modified_gmt":"2025-02-12T12:34:58","slug":"plan-de-acogida-segundo-semestre","status":"publish","type":"post","link":"https:\/\/unedpamplona.es\/eu\/plan-de-acogida-segundo-semestre\/","title":{"rendered":"Plan de Acogida segundo semestre 2024-2025"},"content":{"rendered":"<p>UNED Pamplona va a impartir un curso-taller sobre\u00a0<b>M\u00e9todos de aprendizaje universitario,\u00a0 acceso al aula virtual, informaci\u00f3n de ex\u00e1menes , descubre la biblioteca y mentor\u00edas,\u00a0<\/b>cuyo principal objetivo es presentar y analizar diferentes estrategias y recursos para afrontar de manera m\u00e1s eficiente el estudio de las asignaturas.<\/p>\n<p>La formaci\u00f3n se desarrollar\u00e1 los d\u00edas <strong>10, 11 y 12 de marzo<\/strong> y ser\u00e1 impartida por los profesores de UNED Pamplona Raquel Artuch y Gregorio Buldain, dentro del plan de acogida del segundo semestre.<\/p>\n<p><a href=\"https:\/\/extension.uned.es\/actividad\/idactividad\/42981\">MATR\u00cdCULA GRATUITA<\/a><\/p>\n<p>Asimismo, UNED Pamplona va a organizar unas jornadas cuyo prop\u00f3sito es que el estudiante adquiera competencias eficaces para <strong>realizar, presentar y defender un trabajo acad\u00e9mico<\/strong>. La\/el estudiante aprender\u00e1 la naturaleza espec\u00edfica del trabajo acad\u00e9mico, as\u00ed como los criterios y las t\u00e9cnicas comunicativas adecuadas para elaborar la memoria del trabajo (escritura), emplear los sistemas de referencias bibliogr\u00e1ficas (fuentes de datos) y preparar la defensa (expresi\u00f3n oral). Se aportar\u00e1n las bases de la introducci\u00f3n a la metodolog\u00eda cuantitativa y cualitativa. Esta formaci\u00f3n tendr\u00e1 lugar los d\u00edas <strong>19, 20, 26 y 27 de febrero.<\/strong><\/p>\n<p>El curso proporciona informaci\u00f3n general sobre la elaboraci\u00f3n de trabajos Fin de Grado y Fin de Master. Su elaboraci\u00f3n es espec\u00edfica para cada facultad. La superaci\u00f3n del curso no conlleva la elaboraci\u00f3n del trabajo oficial.<\/p>\n<p><a href=\"https:\/\/extension.uned.es\/actividad\/idactividad\/38151\">MATR\u00cdCULA 20 EUROS<\/a><\/p>\n","protected":false},"excerpt":{"rendered":"<p>UNED Pamplona va a impartir un curso-taller sobre\u00a0M\u00e9todos de aprendizaje universitario,\u00a0 acceso al aula virtual, informaci\u00f3n de ex\u00e1menes , descubre la biblioteca y mentor\u00edas,\u00a0cuyo principal objetivo es presentar y analizar diferentes estrategias y recursos para afrontar de manera m\u00e1s eficiente el estudio de las asignaturas. La formaci\u00f3n se desarrollar\u00e1 los d\u00edas 10, 11 y 12 [&hellip;]<\/p>\n","protected":false},"author":2,"featured_media":6026,"comment_status":"closed","ping_status":"closed","sticky":false,"template":"","format":"standard","meta":{"footnotes":""},"categories":[11],"tags":[],"yoast_head":"<!-- This site is optimized with the Yoast SEO plugin v22.5 - https:\/\/yoast.com\/wordpress\/plugins\/seo\/ -->\n<title>Plan de Acogida segundo semestre 2024-2025 - UNED Pamplona<\/title>\n<meta name=\"robots\" content=\"index, follow, max-snippet:-1, max-image-preview:large, max-video-preview:-1\" \/>\n<link rel=\"canonical\" href=\"https:\/\/unedpamplona.es\/eu\/plan-de-acogida-segundo-semestre\/\" \/>\n<meta property=\"og:locale\" content=\"eu_ES\" \/>\n<meta property=\"og:type\" content=\"article\" \/>\n<meta property=\"og:title\" content=\"Plan de Acogida segundo semestre 2024-2025 - UNED Pamplona\" \/>\n<meta property=\"og:description\" content=\"UNED Pamplona va a impartir un curso-taller sobre\u00a0M\u00e9todos de aprendizaje universitario,\u00a0 acceso al aula virtual, informaci\u00f3n de ex\u00e1menes , descubre la biblioteca y mentor\u00edas,\u00a0cuyo principal objetivo es presentar y analizar diferentes estrategias y recursos para afrontar de manera m\u00e1s eficiente el estudio de las asignaturas. La formaci\u00f3n se desarrollar\u00e1 los d\u00edas 10, 11 y 12 [&hellip;]\" \/>\n<meta property=\"og:url\" content=\"https:\/\/unedpamplona.es\/eu\/plan-de-acogida-segundo-semestre\/\" \/>\n<meta property=\"og:site_name\" content=\"UNED Pamplona\" \/>\n<meta property=\"article:published_time\" content=\"2025-02-12T12:33:13+00:00\" \/>\n<meta property=\"article:modified_time\" content=\"2025-02-12T12:34:58+00:00\" \/>\n<meta property=\"og:image\" content=\"https:\/\/unedpamplona.es\/wp-content\/uploads\/2024\/12\/452915433_893704956131349_886052361516235212_n.jpg\" \/>\n\t<meta property=\"og:image:width\" content=\"526\" \/>\n\t<meta property=\"og:image:height\" content=\"266\" \/>\n\t<meta property=\"og:image:type\" content=\"image\/jpeg\" \/>\n<meta name=\"author\" content=\"uned\" \/>\n<meta name=\"twitter:card\" content=\"summary_large_image\" \/>\n<meta name=\"twitter:creator\" content=\"@unedpamplona\" \/>\n<meta name=\"twitter:site\" content=\"@unedpamplona\" \/>\n<meta name=\"twitter:label1\" content=\"Written by\" \/>\n\t<meta name=\"twitter:data1\" content=\"uned\" \/>\n\t<meta name=\"twitter:label2\" content=\"Est. reading time\" \/>\n\t<meta name=\"twitter:data2\" content=\"2 minutes\" \/>\n<script type=\"application\/ld+json\" class=\"yoast-schema-graph\">{\"@context\":\"https:\/\/schema.org\",\"@graph\":[{\"@type\":\"Article\",\"@id\":\"https:\/\/unedpamplona.es\/eu\/plan-de-acogida-segundo-semestre\/#article\",\"isPartOf\":{\"@id\":\"https:\/\/unedpamplona.es\/eu\/plan-de-acogida-segundo-semestre\/\"},\"author\":{\"name\":\"uned\",\"@id\":\"https:\/\/unedpamplona.es\/eu\/#\/schema\/person\/62a05b70c6808d41d8de2111f2b5f568\"},\"headline\":\"Plan de Acogida segundo semestre 2024-2025\",\"datePublished\":\"2025-02-12T12:33:13+00:00\",\"dateModified\":\"2025-02-12T12:34:58+00:00\",\"mainEntityOfPage\":{\"@id\":\"https:\/\/unedpamplona.es\/eu\/plan-de-acogida-segundo-semestre\/\"},\"wordCount\":237,\"publisher\":{\"@id\":\"https:\/\/unedpamplona.es\/eu\/#organization\"},\"image\":{\"@id\":\"https:\/\/unedpamplona.es\/eu\/plan-de-acogida-segundo-semestre\/#primaryimage\"},\"thumbnailUrl\":\"https:\/\/unedpamplona.es\/wp-content\/uploads\/2024\/12\/452915433_893704956131349_886052361516235212_n.jpg\",\"articleSection\":[\"Actualidad\"],\"inLanguage\":\"eu-ES\"},{\"@type\":\"WebPage\",\"@id\":\"https:\/\/unedpamplona.es\/eu\/plan-de-acogida-segundo-semestre\/\",\"url\":\"https:\/\/unedpamplona.es\/eu\/plan-de-acogida-segundo-semestre\/\",\"name\":\"Plan de Acogida segundo semestre 2024-2025 - UNED Pamplona\",\"isPartOf\":{\"@id\":\"https:\/\/unedpamplona.es\/eu\/#website\"},\"primaryImageOfPage\":{\"@id\":\"https:\/\/unedpamplona.es\/eu\/plan-de-acogida-segundo-semestre\/#primaryimage\"},\"image\":{\"@id\":\"https:\/\/unedpamplona.es\/eu\/plan-de-acogida-segundo-semestre\/#primaryimage\"},\"thumbnailUrl\":\"https:\/\/unedpamplona.es\/wp-content\/uploads\/2024\/12\/452915433_893704956131349_886052361516235212_n.jpg\",\"datePublished\":\"2025-02-12T12:33:13+00:00\",\"dateModified\":\"2025-02-12T12:34:58+00:00\",\"inLanguage\":\"eu-ES\",\"potentialAction\":[{\"@type\":\"ReadAction\",\"target\":[\"https:\/\/unedpamplona.es\/eu\/plan-de-acogida-segundo-semestre\/\"]}]},{\"@type\":\"ImageObject\",\"inLanguage\":\"eu-ES\",\"@id\":\"https:\/\/unedpamplona.es\/eu\/plan-de-acogida-segundo-semestre\/#primaryimage\",\"url\":\"https:\/\/unedpamplona.es\/wp-content\/uploads\/2024\/12\/452915433_893704956131349_886052361516235212_n.jpg\",\"contentUrl\":\"https:\/\/unedpamplona.es\/wp-content\/uploads\/2024\/12\/452915433_893704956131349_886052361516235212_n.jpg\",\"width\":526,\"height\":266},{\"@type\":\"WebSite\",\"@id\":\"https:\/\/unedpamplona.es\/eu\/#website\",\"url\":\"https:\/\/unedpamplona.es\/eu\/\",\"name\":\"UNED Pamplona\",\"description\":\"\",\"publisher\":{\"@id\":\"https:\/\/unedpamplona.es\/eu\/#organization\"},\"potentialAction\":[{\"@type\":\"SearchAction\",\"target\":{\"@type\":\"EntryPoint\",\"urlTemplate\":\"https:\/\/unedpamplona.es\/eu\/?s={search_term_string}\"},\"query-input\":\"required name=search_term_string\"}],\"inLanguage\":\"eu-ES\"},{\"@type\":\"Organization\",\"@id\":\"https:\/\/unedpamplona.es\/eu\/#organization\",\"name\":\"UNED Pamplona\",\"url\":\"https:\/\/unedpamplona.es\/eu\/\",\"logo\":{\"@type\":\"ImageObject\",\"inLanguage\":\"eu-ES\",\"@id\":\"https:\/\/unedpamplona.es\/eu\/#\/schema\/logo\/image\/\",\"url\":\"https:\/\/unedpamplona.es\/wp-content\/uploads\/2024\/02\/uned_pamplona_logo.png\",\"contentUrl\":\"https:\/\/unedpamplona.es\/wp-content\/uploads\/2024\/02\/uned_pamplona_logo.png\",\"width\":218,\"height\":104,\"caption\":\"UNED Pamplona\"},\"image\":{\"@id\":\"https:\/\/unedpamplona.es\/eu\/#\/schema\/logo\/image\/\"},\"sameAs\":[\"https:\/\/x.com\/unedpamplona\",\"https:\/\/www.youtube.com\/channel\/UCR2jc6TbCMAPnbcA17Z0wwg\",\"https:\/\/www.instagram.com\/unedpamplona\/\"]},{\"@type\":\"Person\",\"@id\":\"https:\/\/unedpamplona.es\/eu\/#\/schema\/person\/62a05b70c6808d41d8de2111f2b5f568\",\"name\":\"uned\",\"image\":{\"@type\":\"ImageObject\",\"inLanguage\":\"eu-ES\",\"@id\":\"https:\/\/unedpamplona.es\/eu\/#\/schema\/person\/image\/\",\"url\":\"https:\/\/secure.gravatar.com\/avatar\/344a1f8262dc552fd951ddf77b72239b?s=96&d=mm&r=g\",\"contentUrl\":\"https:\/\/secure.gravatar.com\/avatar\/344a1f8262dc552fd951ddf77b72239b?s=96&d=mm&r=g\",\"caption\":\"uned\"},\"url\":\"https:\/\/unedpamplona.es\/eu\/author\/uned\/\"}]}<\/script>\n<!-- \/ Yoast SEO plugin. -->","yoast_head_json":{"title":"Plan de Acogida segundo semestre 2024-2025 - UNED Pamplona","robots":{"index":"index","follow":"follow","max-snippet":"max-snippet:-1","max-image-preview":"max-image-preview:large","max-video-preview":"max-video-preview:-1"},"canonical":"https:\/\/unedpamplona.es\/eu\/plan-de-acogida-segundo-semestre\/","og_locale":"eu_ES","og_type":"article","og_title":"Plan de Acogida segundo semestre 2024-2025 - UNED Pamplona","og_description":"UNED Pamplona va a impartir un curso-taller sobre\u00a0M\u00e9todos de aprendizaje universitario,\u00a0 acceso al aula virtual, informaci\u00f3n de ex\u00e1menes , descubre la biblioteca y mentor\u00edas,\u00a0cuyo principal objetivo es presentar y analizar diferentes estrategias y recursos para afrontar de manera m\u00e1s eficiente el estudio de las asignaturas. La formaci\u00f3n se desarrollar\u00e1 los d\u00edas 10, 11 y 12 [&hellip;]","og_url":"https:\/\/unedpamplona.es\/eu\/plan-de-acogida-segundo-semestre\/","og_site_name":"UNED Pamplona","article_published_time":"2025-02-12T12:33:13+00:00","article_modified_time":"2025-02-12T12:34:58+00:00","og_image":[{"width":526,"height":266,"url":"https:\/\/unedpamplona.es\/wp-content\/uploads\/2024\/12\/452915433_893704956131349_886052361516235212_n.jpg","type":"image\/jpeg"}],"author":"uned","twitter_card":"summary_large_image","twitter_creator":"@unedpamplona","twitter_site":"@unedpamplona","twitter_misc":{"Written by":"uned","Est. reading time":"2 minutes"},"schema":{"@context":"https:\/\/schema.org","@graph":[{"@type":"Article","@id":"https:\/\/unedpamplona.es\/eu\/plan-de-acogida-segundo-semestre\/#article","isPartOf":{"@id":"https:\/\/unedpamplona.es\/eu\/plan-de-acogida-segundo-semestre\/"},"author":{"name":"uned","@id":"https:\/\/unedpamplona.es\/eu\/#\/schema\/person\/62a05b70c6808d41d8de2111f2b5f568"},"headline":"Plan de Acogida segundo semestre 2024-2025","datePublished":"2025-02-12T12:33:13+00:00","dateModified":"2025-02-12T12:34:58+00:00","mainEntityOfPage":{"@id":"https:\/\/unedpamplona.es\/eu\/plan-de-acogida-segundo-semestre\/"},"wordCount":237,"publisher":{"@id":"https:\/\/unedpamplona.es\/eu\/#organization"},"image":{"@id":"https:\/\/unedpamplona.es\/eu\/plan-de-acogida-segundo-semestre\/#primaryimage"},"thumbnailUrl":"https:\/\/unedpamplona.es\/wp-content\/uploads\/2024\/12\/452915433_893704956131349_886052361516235212_n.jpg","articleSection":["Actualidad"],"inLanguage":"eu-ES"},{"@type":"WebPage","@id":"https:\/\/unedpamplona.es\/eu\/plan-de-acogida-segundo-semestre\/","url":"https:\/\/unedpamplona.es\/eu\/plan-de-acogida-segundo-semestre\/","name":"Plan de Acogida segundo semestre 2024-2025 - UNED Pamplona","isPartOf":{"@id":"https:\/\/unedpamplona.es\/eu\/#website"},"primaryImageOfPage":{"@id":"https:\/\/unedpamplona.es\/eu\/plan-de-acogida-segundo-semestre\/#primaryimage"},"image":{"@id":"https:\/\/unedpamplona.es\/eu\/plan-de-acogida-segundo-semestre\/#primaryimage"},"thumbnailUrl":"https:\/\/unedpamplona.es\/wp-content\/uploads\/2024\/12\/452915433_893704956131349_886052361516235212_n.jpg","datePublished":"2025-02-12T12:33:13+00:00","dateModified":"2025-02-12T12:34:58+00:00","inLanguage":"eu-ES","potentialAction":[{"@type":"ReadAction","target":["https:\/\/unedpamplona.es\/eu\/plan-de-acogida-segundo-semestre\/"]}]},{"@type":"ImageObject","inLanguage":"eu-ES","@id":"https:\/\/unedpamplona.es\/eu\/plan-de-acogida-segundo-semestre\/#primaryimage","url":"https:\/\/unedpamplona.es\/wp-content\/uploads\/2024\/12\/452915433_893704956131349_886052361516235212_n.jpg","contentUrl":"https:\/\/unedpamplona.es\/wp-content\/uploads\/2024\/12\/452915433_893704956131349_886052361516235212_n.jpg","width":526,"height":266},{"@type":"WebSite","@id":"https:\/\/unedpamplona.es\/eu\/#website","url":"https:\/\/unedpamplona.es\/eu\/","name":"UNED Pamplona","description":"","publisher":{"@id":"https:\/\/unedpamplona.es\/eu\/#organization"},"potentialAction":[{"@type":"SearchAction","target":{"@type":"EntryPoint","urlTemplate":"https:\/\/unedpamplona.es\/eu\/?s={search_term_string}"},"query-input":"required name=search_term_string"}],"inLanguage":"eu-ES"},{"@type":"Organization","@id":"https:\/\/unedpamplona.es\/eu\/#organization","name":"UNED Pamplona","url":"https:\/\/unedpamplona.es\/eu\/","logo":{"@type":"ImageObject","inLanguage":"eu-ES","@id":"https:\/\/unedpamplona.es\/eu\/#\/schema\/logo\/image\/","url":"https:\/\/unedpamplona.es\/wp-content\/uploads\/2024\/02\/uned_pamplona_logo.png","contentUrl":"https:\/\/unedpamplona.es\/wp-content\/uploads\/2024\/02\/uned_pamplona_logo.png","width":218,"height":104,"caption":"UNED Pamplona"},"image":{"@id":"https:\/\/unedpamplona.es\/eu\/#\/schema\/logo\/image\/"},"sameAs":["https:\/\/x.com\/unedpamplona","https:\/\/www.youtube.com\/channel\/UCR2jc6TbCMAPnbcA17Z0wwg","https:\/\/www.instagram.com\/unedpamplona\/"]},{"@type":"Person","@id":"https:\/\/unedpamplona.es\/eu\/#\/schema\/person\/62a05b70c6808d41d8de2111f2b5f568","name":"uned","image":{"@type":"ImageObject","inLanguage":"eu-ES","@id":"https:\/\/unedpamplona.es\/eu\/#\/schema\/person\/image\/","url":"https:\/\/secure.gravatar.com\/avatar\/344a1f8262dc552fd951ddf77b72239b?s=96&d=mm&r=g","contentUrl":"https:\/\/secure.gravatar.com\/avatar\/344a1f8262dc552fd951ddf77b72239b?s=96&d=mm&r=g","caption":"uned"},"url":"https:\/\/unedpamplona.es\/eu\/author\/uned\/"}]}},"_links":{"self":[{"href":"https:\/\/unedpamplona.es\/eu\/wp-json\/wp\/v2\/posts\/6810"}],"collection":[{"href":"https:\/\/unedpamplona.es\/eu\/wp-json\/wp\/v2\/posts"}],"about":[{"href":"https:\/\/unedpamplona.es\/eu\/wp-json\/wp\/v2\/types\/post"}],"author":[{"embeddable":true,"href":"https:\/\/unedpamplona.es\/eu\/wp-json\/wp\/v2\/users\/2"}],"replies":[{"embeddable":true,"href":"https:\/\/unedpamplona.es\/eu\/wp-json\/wp\/v2\/comments?post=6810"}],"version-history":[{"count":4,"href":"https:\/\/unedpamplona.es\/eu\/wp-json\/wp\/v2\/posts\/6810\/revisions"}],"predecessor-version":[{"id":6814,"href":"https:\/\/unedpamplona.es\/eu\/wp-json\/wp\/v2\/posts\/6810\/revisions\/6814"}],"wp:featuredmedia":[{"embeddable":true,"href":"https:\/\/unedpamplona.es\/eu\/wp-json\/wp\/v2\/media\/6026"}],"wp:attachment":[{"href":"https:\/\/unedpamplona.es\/eu\/wp-json\/wp\/v2\/media?parent=6810"}],"wp:term":[{"taxonomy":"category","embeddable":true,"href":"https:\/\/unedpamplona.es\/eu\/wp-json\/wp\/v2\/categories?post=6810"},{"taxonomy":"post_tag","embeddable":true,"href":"https:\/\/unedpamplona.es\/eu\/wp-json\/wp\/v2\/tags?post=6810"}],"curies":[{"name":"wp","href":"https:\/\/api.w.org\/{rel}","templated":true}]}}