{"id":682,"date":"2024-04-22T12:47:00","date_gmt":"2024-04-22T10:47:00","guid":{"rendered":"https:\/\/unedpamplona.es\/?p=682"},"modified":"2024-05-13T11:06:38","modified_gmt":"2024-05-13T09:06:38","slug":"convocados-los-premios-del-consejo-social-de-uned-a-mejores-expedientes-y-buenas-practicas","status":"publish","type":"post","link":"https:\/\/unedpamplona.es\/eu\/convocados-los-premios-del-consejo-social-de-uned-a-mejores-expedientes-y-buenas-practicas\/","title":{"rendered":"Convocados los Premios del Consejo Social de UNED a mejores expedientes y Buenas Pr\u00e1cticas"},"content":{"rendered":"<p>En la convocatoria de los Premios del Consejo Social se otorgar\u00e1n\u00a0<a href=\"https:\/\/www.uned.es\/universidad\/inicio\/dam\/jcr:fbf786fe-bec3-4365-949c-6f2878f045ab\/Bases%202024%20curso%20acad%C3%A9mico%20.pdf\" target=\"_blank\" rel=\"noopener\"><strong>12 premios para reconocer la excelencia acad\u00e9mica de los estudiantes durante el curso 2022-2023<\/strong><\/a>, tanto en el Curso de Acceso como en los estudios de Grado. Los galardonados recibir\u00e1n la gratuidad de los t\u00edtulos oficiales para el curso 2024-2025.\u00a0Adem\u00e1s, se convocan\u00a0<a href=\"https:\/\/www.uned.es\/universidad\/inicio\/dam\/jcr:7879ab78-60a9-4c73-b513-26a99124cd1f\/Bases%202024%20Fin%20Grado%20y%20M%C3%A1ster.pdf\" target=\"_blank\" rel=\"noopener\"><strong>36 premios para los mejores expedientes acad\u00e9micos de los titulados de Grado y M\u00e1ster<\/strong><\/a>\u00a0durante el mismo periodo. Cada premio est\u00e1 dotado con mil euros.<\/p>\n<p>El Consejo Social\u00a0tambi\u00e9n\u00a0reconocer\u00e1\u00a0<strong><a href=\"https:\/\/www.uned.es\/universidad\/inicio\/dam\/jcr:d982232a-e152-4c48-a852-d63b68a44751\/Bases%202024%20CCAA.pdf\" target=\"_blank\" rel=\"noopener\">las &#8220;Buenas Pr\u00e1cticas&#8221; implementadas por los Centros Asociados a la UNED<\/a>,<\/strong>\u00a0tanto a nivel nacional como en el extranjero. Se premiaran dos iniciativas que hayan mejorado la gesti\u00f3n y adaptaci\u00f3n al entorno, con una dotaci\u00f3n\u00a0de cinco mil euros cada uno.<\/p>\n<p>Asimismo, se gratificar\u00e1n\u00a0<strong>tres &#8220;<a href=\"https:\/\/www.uned.es\/universidad\/inicio\/dam\/jcr:c9d5bf46-3a30-406d-8a22-30f539a82040\/Bases%202024%20PDI%20PTGAS.pdf\" target=\"_blank\" rel=\"noopener\">Buenas Pr\u00e1cticas&#8221; del personal docente, investigador y t\u00e9cnico, de gesti\u00f3n y administraci\u00f3n y servicios de la UNED<\/a>, con un enfoque innovador y de calidad,\u00a0<\/strong>con un<strong>\u00a0<\/strong>premio dotado con siete mil euros.<\/p>\n<p>Los premios del Consejo Social de la UNED buscan reconocer la excelencia acad\u00e9mica, promover la mejora continua del servicio p\u00fablico y fomentar las buenas pr\u00e1cticas en la universidad.<\/p>\n","protected":false},"excerpt":{"rendered":"<p>En la convocatoria de los Premios del Consejo Social se otorgar\u00e1n\u00a012 premios para reconocer la excelencia acad\u00e9mica de los estudiantes durante el curso 2022-2023, tanto en el Curso de Acceso como en los estudios de Grado. Los galardonados recibir\u00e1n la gratuidad de los t\u00edtulos oficiales para el curso 2024-2025.\u00a0Adem\u00e1s, se convocan\u00a036 premios para los mejores [&hellip;]<\/p>\n","protected":false},"author":1,"featured_media":2323,"comment_status":"closed","ping_status":"closed","sticky":false,"template":"","format":"standard","meta":{"footnotes":""},"categories":[11],"tags":[],"yoast_head":"<!-- This site is optimized with the Yoast SEO plugin v22.5 - https:\/\/yoast.com\/wordpress\/plugins\/seo\/ -->\n<title>Convocados los Premios del Consejo Social de UNED a mejores expedientes y Buenas Pr\u00e1cticas - UNED Pamplona<\/title>\n<meta name=\"robots\" content=\"index, follow, max-snippet:-1, max-image-preview:large, max-video-preview:-1\" \/>\n<link rel=\"canonical\" href=\"https:\/\/unedpamplona.es\/eu\/convocados-los-premios-del-consejo-social-de-uned-a-mejores-expedientes-y-buenas-practicas\/\" \/>\n<meta property=\"og:locale\" content=\"eu_ES\" \/>\n<meta property=\"og:type\" content=\"article\" \/>\n<meta property=\"og:title\" content=\"Convocados los Premios del Consejo Social de UNED a mejores expedientes y Buenas Pr\u00e1cticas - UNED Pamplona\" \/>\n<meta property=\"og:description\" content=\"En la convocatoria de los Premios del Consejo Social se otorgar\u00e1n\u00a012 premios para reconocer la excelencia acad\u00e9mica de los estudiantes durante el curso 2022-2023, tanto en el Curso de Acceso como en los estudios de Grado. Los galardonados recibir\u00e1n la gratuidad de los t\u00edtulos oficiales para el curso 2024-2025.\u00a0Adem\u00e1s, se convocan\u00a036 premios para los mejores [&hellip;]\" \/>\n<meta property=\"og:url\" content=\"https:\/\/unedpamplona.es\/eu\/convocados-los-premios-del-consejo-social-de-uned-a-mejores-expedientes-y-buenas-practicas\/\" \/>\n<meta property=\"og:site_name\" content=\"UNED Pamplona\" \/>\n<meta property=\"article:published_time\" content=\"2024-04-22T10:47:00+00:00\" \/>\n<meta property=\"article:modified_time\" content=\"2024-05-13T09:06:38+00:00\" \/>\n<meta property=\"og:image\" content=\"https:\/\/unedpamplona.es\/wp-content\/uploads\/2024\/02\/twitter_facebook_1200x630px_cas.jpg\" \/>\n\t<meta property=\"og:image:width\" content=\"1200\" \/>\n\t<meta property=\"og:image:height\" content=\"631\" \/>\n\t<meta property=\"og:image:type\" content=\"image\/jpeg\" \/>\n<meta name=\"author\" content=\"room116\" \/>\n<meta name=\"twitter:card\" content=\"summary_large_image\" \/>\n<meta name=\"twitter:creator\" content=\"@unedpamplona\" \/>\n<meta name=\"twitter:site\" content=\"@unedpamplona\" \/>\n<meta name=\"twitter:label1\" content=\"Written by\" \/>\n\t<meta name=\"twitter:data1\" content=\"room116\" \/>\n\t<meta name=\"twitter:label2\" content=\"Est. reading time\" \/>\n\t<meta name=\"twitter:data2\" content=\"2 minutes\" \/>\n<script type=\"application\/ld+json\" class=\"yoast-schema-graph\">{\"@context\":\"https:\/\/schema.org\",\"@graph\":[{\"@type\":\"Article\",\"@id\":\"https:\/\/unedpamplona.es\/eu\/convocados-los-premios-del-consejo-social-de-uned-a-mejores-expedientes-y-buenas-practicas\/#article\",\"isPartOf\":{\"@id\":\"https:\/\/unedpamplona.es\/eu\/convocados-los-premios-del-consejo-social-de-uned-a-mejores-expedientes-y-buenas-practicas\/\"},\"author\":{\"name\":\"room116\",\"@id\":\"https:\/\/unedpamplona.es\/eu\/#\/schema\/person\/2ab9beab35599470cd53757e726a9810\"},\"headline\":\"Convocados los Premios del Consejo Social de UNED a mejores expedientes y Buenas Pr\u00e1cticas\",\"datePublished\":\"2024-04-22T10:47:00+00:00\",\"dateModified\":\"2024-05-13T09:06:38+00:00\",\"mainEntityOfPage\":{\"@id\":\"https:\/\/unedpamplona.es\/eu\/convocados-los-premios-del-consejo-social-de-uned-a-mejores-expedientes-y-buenas-practicas\/\"},\"wordCount\":221,\"publisher\":{\"@id\":\"https:\/\/unedpamplona.es\/eu\/#organization\"},\"image\":{\"@id\":\"https:\/\/unedpamplona.es\/eu\/convocados-los-premios-del-consejo-social-de-uned-a-mejores-expedientes-y-buenas-practicas\/#primaryimage\"},\"thumbnailUrl\":\"https:\/\/unedpamplona.es\/wp-content\/uploads\/2024\/02\/twitter_facebook_1200x630px_cas.jpg\",\"articleSection\":[\"Actualidad\"],\"inLanguage\":\"eu-ES\"},{\"@type\":\"WebPage\",\"@id\":\"https:\/\/unedpamplona.es\/eu\/convocados-los-premios-del-consejo-social-de-uned-a-mejores-expedientes-y-buenas-practicas\/\",\"url\":\"https:\/\/unedpamplona.es\/eu\/convocados-los-premios-del-consejo-social-de-uned-a-mejores-expedientes-y-buenas-practicas\/\",\"name\":\"Convocados los Premios del Consejo Social de UNED a mejores expedientes y Buenas Pr\u00e1cticas - UNED Pamplona\",\"isPartOf\":{\"@id\":\"https:\/\/unedpamplona.es\/eu\/#website\"},\"primaryImageOfPage\":{\"@id\":\"https:\/\/unedpamplona.es\/eu\/convocados-los-premios-del-consejo-social-de-uned-a-mejores-expedientes-y-buenas-practicas\/#primaryimage\"},\"image\":{\"@id\":\"https:\/\/unedpamplona.es\/eu\/convocados-los-premios-del-consejo-social-de-uned-a-mejores-expedientes-y-buenas-practicas\/#primaryimage\"},\"thumbnailUrl\":\"https:\/\/unedpamplona.es\/wp-content\/uploads\/2024\/02\/twitter_facebook_1200x630px_cas.jpg\",\"datePublished\":\"2024-04-22T10:47:00+00:00\",\"dateModified\":\"2024-05-13T09:06:38+00:00\",\"inLanguage\":\"eu-ES\",\"potentialAction\":[{\"@type\":\"ReadAction\",\"target\":[\"https:\/\/unedpamplona.es\/eu\/convocados-los-premios-del-consejo-social-de-uned-a-mejores-expedientes-y-buenas-practicas\/\"]}]},{\"@type\":\"ImageObject\",\"inLanguage\":\"eu-ES\",\"@id\":\"https:\/\/unedpamplona.es\/eu\/convocados-los-premios-del-consejo-social-de-uned-a-mejores-expedientes-y-buenas-practicas\/#primaryimage\",\"url\":\"https:\/\/unedpamplona.es\/wp-content\/uploads\/2024\/02\/twitter_facebook_1200x630px_cas.jpg\",\"contentUrl\":\"https:\/\/unedpamplona.es\/wp-content\/uploads\/2024\/02\/twitter_facebook_1200x630px_cas.jpg\",\"width\":1200,\"height\":631,\"caption\":\"Convocados los Premios del Consejo Social de UNED\"},{\"@type\":\"WebSite\",\"@id\":\"https:\/\/unedpamplona.es\/eu\/#website\",\"url\":\"https:\/\/unedpamplona.es\/eu\/\",\"name\":\"UNED Pamplona\",\"description\":\"\",\"publisher\":{\"@id\":\"https:\/\/unedpamplona.es\/eu\/#organization\"},\"potentialAction\":[{\"@type\":\"SearchAction\",\"target\":{\"@type\":\"EntryPoint\",\"urlTemplate\":\"https:\/\/unedpamplona.es\/eu\/?s={search_term_string}\"},\"query-input\":\"required name=search_term_string\"}],\"inLanguage\":\"eu-ES\"},{\"@type\":\"Organization\",\"@id\":\"https:\/\/unedpamplona.es\/eu\/#organization\",\"name\":\"UNED Pamplona\",\"url\":\"https:\/\/unedpamplona.es\/eu\/\",\"logo\":{\"@type\":\"ImageObject\",\"inLanguage\":\"eu-ES\",\"@id\":\"https:\/\/unedpamplona.es\/eu\/#\/schema\/logo\/image\/\",\"url\":\"https:\/\/unedpamplona.es\/wp-content\/uploads\/2024\/02\/uned_pamplona_logo.png\",\"contentUrl\":\"https:\/\/unedpamplona.es\/wp-content\/uploads\/2024\/02\/uned_pamplona_logo.png\",\"width\":218,\"height\":104,\"caption\":\"UNED Pamplona\"},\"image\":{\"@id\":\"https:\/\/unedpamplona.es\/eu\/#\/schema\/logo\/image\/\"},\"sameAs\":[\"https:\/\/x.com\/unedpamplona\",\"https:\/\/www.youtube.com\/channel\/UCR2jc6TbCMAPnbcA17Z0wwg\",\"https:\/\/www.instagram.com\/unedpamplona\/\"]},{\"@type\":\"Person\",\"@id\":\"https:\/\/unedpamplona.es\/eu\/#\/schema\/person\/2ab9beab35599470cd53757e726a9810\",\"name\":\"room116\",\"image\":{\"@type\":\"ImageObject\",\"inLanguage\":\"eu-ES\",\"@id\":\"https:\/\/unedpamplona.es\/eu\/#\/schema\/person\/image\/\",\"url\":\"https:\/\/secure.gravatar.com\/avatar\/4081e23516e875d8e1fa4ed0171d6f96?s=96&d=mm&r=g\",\"contentUrl\":\"https:\/\/secure.gravatar.com\/avatar\/4081e23516e875d8e1fa4ed0171d6f96?s=96&d=mm&r=g\",\"caption\":\"room116\"},\"sameAs\":[\"https:\/\/unedpamplona.es\"],\"url\":\"https:\/\/unedpamplona.es\/eu\/author\/room116\/\"}]}<\/script>\n<!-- \/ Yoast SEO plugin. -->","yoast_head_json":{"title":"Convocados los Premios del Consejo Social de UNED a mejores expedientes y Buenas Pr\u00e1cticas - UNED Pamplona","robots":{"index":"index","follow":"follow","max-snippet":"max-snippet:-1","max-image-preview":"max-image-preview:large","max-video-preview":"max-video-preview:-1"},"canonical":"https:\/\/unedpamplona.es\/eu\/convocados-los-premios-del-consejo-social-de-uned-a-mejores-expedientes-y-buenas-practicas\/","og_locale":"eu_ES","og_type":"article","og_title":"Convocados los Premios del Consejo Social de UNED a mejores expedientes y Buenas Pr\u00e1cticas - UNED Pamplona","og_description":"En la convocatoria de los Premios del Consejo Social se otorgar\u00e1n\u00a012 premios para reconocer la excelencia acad\u00e9mica de los estudiantes durante el curso 2022-2023, tanto en el Curso de Acceso como en los estudios de Grado. Los galardonados recibir\u00e1n la gratuidad de los t\u00edtulos oficiales para el curso 2024-2025.\u00a0Adem\u00e1s, se convocan\u00a036 premios para los mejores [&hellip;]","og_url":"https:\/\/unedpamplona.es\/eu\/convocados-los-premios-del-consejo-social-de-uned-a-mejores-expedientes-y-buenas-practicas\/","og_site_name":"UNED Pamplona","article_published_time":"2024-04-22T10:47:00+00:00","article_modified_time":"2024-05-13T09:06:38+00:00","og_image":[{"width":1200,"height":631,"url":"https:\/\/unedpamplona.es\/wp-content\/uploads\/2024\/02\/twitter_facebook_1200x630px_cas.jpg","type":"image\/jpeg"}],"author":"room116","twitter_card":"summary_large_image","twitter_creator":"@unedpamplona","twitter_site":"@unedpamplona","twitter_misc":{"Written by":"room116","Est. reading time":"2 minutes"},"schema":{"@context":"https:\/\/schema.org","@graph":[{"@type":"Article","@id":"https:\/\/unedpamplona.es\/eu\/convocados-los-premios-del-consejo-social-de-uned-a-mejores-expedientes-y-buenas-practicas\/#article","isPartOf":{"@id":"https:\/\/unedpamplona.es\/eu\/convocados-los-premios-del-consejo-social-de-uned-a-mejores-expedientes-y-buenas-practicas\/"},"author":{"name":"room116","@id":"https:\/\/unedpamplona.es\/eu\/#\/schema\/person\/2ab9beab35599470cd53757e726a9810"},"headline":"Convocados los Premios del Consejo Social de UNED a mejores expedientes y Buenas Pr\u00e1cticas","datePublished":"2024-04-22T10:47:00+00:00","dateModified":"2024-05-13T09:06:38+00:00","mainEntityOfPage":{"@id":"https:\/\/unedpamplona.es\/eu\/convocados-los-premios-del-consejo-social-de-uned-a-mejores-expedientes-y-buenas-practicas\/"},"wordCount":221,"publisher":{"@id":"https:\/\/unedpamplona.es\/eu\/#organization"},"image":{"@id":"https:\/\/unedpamplona.es\/eu\/convocados-los-premios-del-consejo-social-de-uned-a-mejores-expedientes-y-buenas-practicas\/#primaryimage"},"thumbnailUrl":"https:\/\/unedpamplona.es\/wp-content\/uploads\/2024\/02\/twitter_facebook_1200x630px_cas.jpg","articleSection":["Actualidad"],"inLanguage":"eu-ES"},{"@type":"WebPage","@id":"https:\/\/unedpamplona.es\/eu\/convocados-los-premios-del-consejo-social-de-uned-a-mejores-expedientes-y-buenas-practicas\/","url":"https:\/\/unedpamplona.es\/eu\/convocados-los-premios-del-consejo-social-de-uned-a-mejores-expedientes-y-buenas-practicas\/","name":"Convocados los Premios del Consejo Social de UNED a mejores expedientes y Buenas Pr\u00e1cticas - UNED Pamplona","isPartOf":{"@id":"https:\/\/unedpamplona.es\/eu\/#website"},"primaryImageOfPage":{"@id":"https:\/\/unedpamplona.es\/eu\/convocados-los-premios-del-consejo-social-de-uned-a-mejores-expedientes-y-buenas-practicas\/#primaryimage"},"image":{"@id":"https:\/\/unedpamplona.es\/eu\/convocados-los-premios-del-consejo-social-de-uned-a-mejores-expedientes-y-buenas-practicas\/#primaryimage"},"thumbnailUrl":"https:\/\/unedpamplona.es\/wp-content\/uploads\/2024\/02\/twitter_facebook_1200x630px_cas.jpg","datePublished":"2024-04-22T10:47:00+00:00","dateModified":"2024-05-13T09:06:38+00:00","inLanguage":"eu-ES","potentialAction":[{"@type":"ReadAction","target":["https:\/\/unedpamplona.es\/eu\/convocados-los-premios-del-consejo-social-de-uned-a-mejores-expedientes-y-buenas-practicas\/"]}]},{"@type":"ImageObject","inLanguage":"eu-ES","@id":"https:\/\/unedpamplona.es\/eu\/convocados-los-premios-del-consejo-social-de-uned-a-mejores-expedientes-y-buenas-practicas\/#primaryimage","url":"https:\/\/unedpamplona.es\/wp-content\/uploads\/2024\/02\/twitter_facebook_1200x630px_cas.jpg","contentUrl":"https:\/\/unedpamplona.es\/wp-content\/uploads\/2024\/02\/twitter_facebook_1200x630px_cas.jpg","width":1200,"height":631,"caption":"Convocados los Premios del Consejo Social de UNED"},{"@type":"WebSite","@id":"https:\/\/unedpamplona.es\/eu\/#website","url":"https:\/\/unedpamplona.es\/eu\/","name":"UNED Pamplona","description":"","publisher":{"@id":"https:\/\/unedpamplona.es\/eu\/#organization"},"potentialAction":[{"@type":"SearchAction","target":{"@type":"EntryPoint","urlTemplate":"https:\/\/unedpamplona.es\/eu\/?s={search_term_string}"},"query-input":"required name=search_term_string"}],"inLanguage":"eu-ES"},{"@type":"Organization","@id":"https:\/\/unedpamplona.es\/eu\/#organization","name":"UNED Pamplona","url":"https:\/\/unedpamplona.es\/eu\/","logo":{"@type":"ImageObject","inLanguage":"eu-ES","@id":"https:\/\/unedpamplona.es\/eu\/#\/schema\/logo\/image\/","url":"https:\/\/unedpamplona.es\/wp-content\/uploads\/2024\/02\/uned_pamplona_logo.png","contentUrl":"https:\/\/unedpamplona.es\/wp-content\/uploads\/2024\/02\/uned_pamplona_logo.png","width":218,"height":104,"caption":"UNED Pamplona"},"image":{"@id":"https:\/\/unedpamplona.es\/eu\/#\/schema\/logo\/image\/"},"sameAs":["https:\/\/x.com\/unedpamplona","https:\/\/www.youtube.com\/channel\/UCR2jc6TbCMAPnbcA17Z0wwg","https:\/\/www.instagram.com\/unedpamplona\/"]},{"@type":"Person","@id":"https:\/\/unedpamplona.es\/eu\/#\/schema\/person\/2ab9beab35599470cd53757e726a9810","name":"room116","image":{"@type":"ImageObject","inLanguage":"eu-ES","@id":"https:\/\/unedpamplona.es\/eu\/#\/schema\/person\/image\/","url":"https:\/\/secure.gravatar.com\/avatar\/4081e23516e875d8e1fa4ed0171d6f96?s=96&d=mm&r=g","contentUrl":"https:\/\/secure.gravatar.com\/avatar\/4081e23516e875d8e1fa4ed0171d6f96?s=96&d=mm&r=g","caption":"room116"},"sameAs":["https:\/\/unedpamplona.es"],"url":"https:\/\/unedpamplona.es\/eu\/author\/room116\/"}]}},"_links":{"self":[{"href":"https:\/\/unedpamplona.es\/eu\/wp-json\/wp\/v2\/posts\/682"}],"collection":[{"href":"https:\/\/unedpamplona.es\/eu\/wp-json\/wp\/v2\/posts"}],"about":[{"href":"https:\/\/unedpamplona.es\/eu\/wp-json\/wp\/v2\/types\/post"}],"author":[{"embeddable":true,"href":"https:\/\/unedpamplona.es\/eu\/wp-json\/wp\/v2\/users\/1"}],"replies":[{"embeddable":true,"href":"https:\/\/unedpamplona.es\/eu\/wp-json\/wp\/v2\/comments?post=682"}],"version-history":[{"count":3,"href":"https:\/\/unedpamplona.es\/eu\/wp-json\/wp\/v2\/posts\/682\/revisions"}],"predecessor-version":[{"id":2325,"href":"https:\/\/unedpamplona.es\/eu\/wp-json\/wp\/v2\/posts\/682\/revisions\/2325"}],"wp:featuredmedia":[{"embeddable":true,"href":"https:\/\/unedpamplona.es\/eu\/wp-json\/wp\/v2\/media\/2323"}],"wp:attachment":[{"href":"https:\/\/unedpamplona.es\/eu\/wp-json\/wp\/v2\/media?parent=682"}],"wp:term":[{"taxonomy":"category","embeddable":true,"href":"https:\/\/unedpamplona.es\/eu\/wp-json\/wp\/v2\/categories?post=682"},{"taxonomy":"post_tag","embeddable":true,"href":"https:\/\/unedpamplona.es\/eu\/wp-json\/wp\/v2\/tags?post=682"}],"curies":[{"name":"wp","href":"https:\/\/api.w.org\/{rel}","templated":true}]}}