{"id":7396,"date":"2025-01-24T13:44:27","date_gmt":"2025-01-24T12:44:27","guid":{"rendered":"https:\/\/unedpamplona.es\/?p=7396"},"modified":"2025-03-04T17:21:38","modified_gmt":"2025-03-04T16:21:38","slug":"cursos-y-conferencias-semana-del-24-al-28-de-febrero","status":"publish","type":"post","link":"https:\/\/unedpamplona.es\/eu\/cursos-y-conferencias-semana-del-24-al-28-de-febrero\/","title":{"rendered":"Cursos y Conferencias  semana del 24 al 28 de febrero"},"content":{"rendered":"<p>UNED Pamplona impartir\u00e1 esta semana diferentes formaciones dirigidas a la comunidad universitaria y al p\u00fablico en general. A continuaci\u00f3n detallamos programa, horarios y matr\u00edcula:<\/p>\n<p class=\"cvGsUA direction-ltr align-center para-style-body\"><a href=\"https:\/\/extension.uned.es\/actividad\/idactividad\/42137\"><span class=\"OYPEnA font-feature-liga-off font-feature-clig-off font-feature-calt-off text-decoration-none text-strikethrough-none\">Conferencia \u201cEmociones ante el c\u00e1ncer de un familiar\u201d<\/span><\/a><\/p>\n<p class=\"cvGsUA direction-ltr align-center para-style-body\"><span class=\"OYPEnA font-feature-liga-off font-feature-clig-off font-feature-calt-off text-decoration-none text-strikethrough-none\">25 de febrero &#8211; 19 horas<\/span><\/p>\n<p class=\"cvGsUA direction-ltr align-center para-style-body\"><a href=\"https:\/\/extension.uned.es\/actividad\/idactividad\/41043\"><span class=\"OYPEnA font-feature-liga-off font-feature-clig-off font-feature-calt-off text-decoration-none text-strikethrough-none\">Ahorrar e invertir: Dos decisiones esenciales en nuestro ciclo de vida<\/span><\/a><\/p>\n<p class=\"cvGsUA direction-ltr align-center para-style-body\"><span class=\"OYPEnA font-feature-liga-off font-feature-clig-off font-feature-calt-off text-decoration-none text-strikethrough-none\">25 de febrero &#8211; 18.00 a 20:00 horas<\/span><\/p>\n<p class=\"cvGsUA direction-ltr align-center para-style-body\"><span class=\"OYPEnA font-feature-liga-off font-feature-clig-off font-feature-calt-off text-decoration-none text-strikethrough-none\">C\u00f3mo realizar, presentar y defender trabajos acad\u00e9micos: TFG y TFM<\/span><\/p>\n<p class=\"cvGsUA direction-ltr align-center para-style-body\"><span class=\"OYPEnA font-feature-liga-off font-feature-clig-off font-feature-calt-off text-decoration-none text-strikethrough-none\">26 y 27 de febrero<\/span><\/p>\n<p class=\"cvGsUA direction-ltr align-center para-style-body\"><a href=\"https:\/\/extension.uned.es\/actividad\/idactividad\/40969\"><span class=\"OYPEnA font-feature-liga-off font-feature-clig-off font-feature-calt-off text-decoration-none text-strikethrough-none\">Microrrelatos: La esencia de una historia en pocas palabras<\/span><\/a><\/p>\n<p class=\"cvGsUA direction-ltr align-center para-style-body\"><span class=\"OYPEnA font-feature-liga-off font-feature-clig-off font-feature-calt-off text-decoration-none text-strikethrough-none\">27 de febrero &#8211; 18.00 a 20.00 horas<\/span><\/p>\n<p class=\"cvGsUA direction-ltr align-center para-style-body\"><a href=\"https:\/\/extension.uned.es\/actividad\/idactividad\/43363\"><span class=\"OYPEnA font-feature-liga-off font-feature-clig-off font-feature-calt-off text-decoration-none text-strikethrough-none\">\u00a1Qu\u00e9 suene la magia de la partitura!<\/span><\/a><\/p>\n<p class=\"cvGsUA direction-ltr align-center para-style-body\"><span class=\"OYPEnA font-feature-liga-off font-feature-clig-off font-feature-calt-off text-decoration-none text-strikethrough-none\">25 y 28 de febrero<\/span><\/p>\n","protected":false},"excerpt":{"rendered":"<p>UNED Pamplona impartir\u00e1 esta semana diferentes formaciones dirigidas a la comunidad universitaria y al p\u00fablico en general. A continuaci\u00f3n detallamos programa, horarios y matr\u00edcula: Conferencia \u201cEmociones ante el c\u00e1ncer de un familiar\u201d 25 de febrero &#8211; 19 horas Ahorrar e invertir: Dos decisiones esenciales en nuestro ciclo de vida 25 de febrero &#8211; 18.00 a [&hellip;]<\/p>\n","protected":false},"author":2,"featured_media":7404,"comment_status":"closed","ping_status":"closed","sticky":false,"template":"","format":"standard","meta":{"footnotes":""},"categories":[11],"tags":[],"yoast_head":"<!-- This site is optimized with the Yoast SEO plugin v22.5 - https:\/\/yoast.com\/wordpress\/plugins\/seo\/ -->\n<title>Cursos y Conferencias semana del 24 al 28 de febrero - UNED Pamplona<\/title>\n<meta name=\"robots\" content=\"index, follow, max-snippet:-1, max-image-preview:large, max-video-preview:-1\" \/>\n<link rel=\"canonical\" href=\"https:\/\/unedpamplona.es\/eu\/cursos-y-conferencias-semana-del-24-al-28-de-febrero\/\" \/>\n<meta property=\"og:locale\" content=\"eu_ES\" \/>\n<meta property=\"og:type\" content=\"article\" \/>\n<meta property=\"og:title\" content=\"Cursos y Conferencias semana del 24 al 28 de febrero - UNED Pamplona\" \/>\n<meta property=\"og:description\" content=\"UNED Pamplona impartir\u00e1 esta semana diferentes formaciones dirigidas a la comunidad universitaria y al p\u00fablico en general. A continuaci\u00f3n detallamos programa, horarios y matr\u00edcula: Conferencia \u201cEmociones ante el c\u00e1ncer de un familiar\u201d 25 de febrero &#8211; 19 horas Ahorrar e invertir: Dos decisiones esenciales en nuestro ciclo de vida 25 de febrero &#8211; 18.00 a [&hellip;]\" \/>\n<meta property=\"og:url\" content=\"https:\/\/unedpamplona.es\/eu\/cursos-y-conferencias-semana-del-24-al-28-de-febrero\/\" \/>\n<meta property=\"og:site_name\" content=\"UNED Pamplona\" \/>\n<meta property=\"article:published_time\" content=\"2025-01-24T12:44:27+00:00\" \/>\n<meta property=\"article:modified_time\" content=\"2025-03-04T16:21:38+00:00\" \/>\n<meta property=\"og:image\" content=\"https:\/\/unedpamplona.es\/wp-content\/uploads\/2025\/02\/microrrelato-tutor.jpg\" \/>\n\t<meta property=\"og:image:width\" content=\"1920\" \/>\n\t<meta property=\"og:image:height\" content=\"1080\" \/>\n\t<meta property=\"og:image:type\" content=\"image\/jpeg\" \/>\n<meta name=\"author\" content=\"uned\" \/>\n<meta name=\"twitter:card\" content=\"summary_large_image\" \/>\n<meta name=\"twitter:creator\" content=\"@unedpamplona\" \/>\n<meta name=\"twitter:site\" content=\"@unedpamplona\" \/>\n<meta name=\"twitter:label1\" content=\"Written by\" \/>\n\t<meta name=\"twitter:data1\" content=\"uned\" \/>\n\t<meta name=\"twitter:label2\" content=\"Est. reading time\" \/>\n\t<meta name=\"twitter:data2\" content=\"1 minute\" \/>\n<script type=\"application\/ld+json\" class=\"yoast-schema-graph\">{\"@context\":\"https:\/\/schema.org\",\"@graph\":[{\"@type\":\"Article\",\"@id\":\"https:\/\/unedpamplona.es\/eu\/cursos-y-conferencias-semana-del-24-al-28-de-febrero\/#article\",\"isPartOf\":{\"@id\":\"https:\/\/unedpamplona.es\/eu\/cursos-y-conferencias-semana-del-24-al-28-de-febrero\/\"},\"author\":{\"name\":\"uned\",\"@id\":\"https:\/\/unedpamplona.es\/eu\/#\/schema\/person\/62a05b70c6808d41d8de2111f2b5f568\"},\"headline\":\"Cursos y Conferencias semana del 24 al 28 de febrero\",\"datePublished\":\"2025-01-24T12:44:27+00:00\",\"dateModified\":\"2025-03-04T16:21:38+00:00\",\"mainEntityOfPage\":{\"@id\":\"https:\/\/unedpamplona.es\/eu\/cursos-y-conferencias-semana-del-24-al-28-de-febrero\/\"},\"wordCount\":103,\"publisher\":{\"@id\":\"https:\/\/unedpamplona.es\/eu\/#organization\"},\"image\":{\"@id\":\"https:\/\/unedpamplona.es\/eu\/cursos-y-conferencias-semana-del-24-al-28-de-febrero\/#primaryimage\"},\"thumbnailUrl\":\"https:\/\/unedpamplona.es\/wp-content\/uploads\/2025\/02\/microrrelato-tutor.jpg\",\"articleSection\":[\"Actualidad\"],\"inLanguage\":\"eu-ES\"},{\"@type\":\"WebPage\",\"@id\":\"https:\/\/unedpamplona.es\/eu\/cursos-y-conferencias-semana-del-24-al-28-de-febrero\/\",\"url\":\"https:\/\/unedpamplona.es\/eu\/cursos-y-conferencias-semana-del-24-al-28-de-febrero\/\",\"name\":\"Cursos y Conferencias semana del 24 al 28 de febrero - UNED Pamplona\",\"isPartOf\":{\"@id\":\"https:\/\/unedpamplona.es\/eu\/#website\"},\"primaryImageOfPage\":{\"@id\":\"https:\/\/unedpamplona.es\/eu\/cursos-y-conferencias-semana-del-24-al-28-de-febrero\/#primaryimage\"},\"image\":{\"@id\":\"https:\/\/unedpamplona.es\/eu\/cursos-y-conferencias-semana-del-24-al-28-de-febrero\/#primaryimage\"},\"thumbnailUrl\":\"https:\/\/unedpamplona.es\/wp-content\/uploads\/2025\/02\/microrrelato-tutor.jpg\",\"datePublished\":\"2025-01-24T12:44:27+00:00\",\"dateModified\":\"2025-03-04T16:21:38+00:00\",\"inLanguage\":\"eu-ES\",\"potentialAction\":[{\"@type\":\"ReadAction\",\"target\":[\"https:\/\/unedpamplona.es\/eu\/cursos-y-conferencias-semana-del-24-al-28-de-febrero\/\"]}]},{\"@type\":\"ImageObject\",\"inLanguage\":\"eu-ES\",\"@id\":\"https:\/\/unedpamplona.es\/eu\/cursos-y-conferencias-semana-del-24-al-28-de-febrero\/#primaryimage\",\"url\":\"https:\/\/unedpamplona.es\/wp-content\/uploads\/2025\/02\/microrrelato-tutor.jpg\",\"contentUrl\":\"https:\/\/unedpamplona.es\/wp-content\/uploads\/2025\/02\/microrrelato-tutor.jpg\",\"width\":1920,\"height\":1080},{\"@type\":\"WebSite\",\"@id\":\"https:\/\/unedpamplona.es\/eu\/#website\",\"url\":\"https:\/\/unedpamplona.es\/eu\/\",\"name\":\"UNED Pamplona\",\"description\":\"\",\"publisher\":{\"@id\":\"https:\/\/unedpamplona.es\/eu\/#organization\"},\"potentialAction\":[{\"@type\":\"SearchAction\",\"target\":{\"@type\":\"EntryPoint\",\"urlTemplate\":\"https:\/\/unedpamplona.es\/eu\/?s={search_term_string}\"},\"query-input\":\"required name=search_term_string\"}],\"inLanguage\":\"eu-ES\"},{\"@type\":\"Organization\",\"@id\":\"https:\/\/unedpamplona.es\/eu\/#organization\",\"name\":\"UNED Pamplona\",\"url\":\"https:\/\/unedpamplona.es\/eu\/\",\"logo\":{\"@type\":\"ImageObject\",\"inLanguage\":\"eu-ES\",\"@id\":\"https:\/\/unedpamplona.es\/eu\/#\/schema\/logo\/image\/\",\"url\":\"https:\/\/unedpamplona.es\/wp-content\/uploads\/2024\/02\/uned_pamplona_logo.png\",\"contentUrl\":\"https:\/\/unedpamplona.es\/wp-content\/uploads\/2024\/02\/uned_pamplona_logo.png\",\"width\":218,\"height\":104,\"caption\":\"UNED Pamplona\"},\"image\":{\"@id\":\"https:\/\/unedpamplona.es\/eu\/#\/schema\/logo\/image\/\"},\"sameAs\":[\"https:\/\/x.com\/unedpamplona\",\"https:\/\/www.youtube.com\/channel\/UCR2jc6TbCMAPnbcA17Z0wwg\",\"https:\/\/www.instagram.com\/unedpamplona\/\"]},{\"@type\":\"Person\",\"@id\":\"https:\/\/unedpamplona.es\/eu\/#\/schema\/person\/62a05b70c6808d41d8de2111f2b5f568\",\"name\":\"uned\",\"image\":{\"@type\":\"ImageObject\",\"inLanguage\":\"eu-ES\",\"@id\":\"https:\/\/unedpamplona.es\/eu\/#\/schema\/person\/image\/\",\"url\":\"https:\/\/secure.gravatar.com\/avatar\/344a1f8262dc552fd951ddf77b72239b?s=96&d=mm&r=g\",\"contentUrl\":\"https:\/\/secure.gravatar.com\/avatar\/344a1f8262dc552fd951ddf77b72239b?s=96&d=mm&r=g\",\"caption\":\"uned\"},\"url\":\"https:\/\/unedpamplona.es\/eu\/author\/uned\/\"}]}<\/script>\n<!-- \/ Yoast SEO plugin. -->","yoast_head_json":{"title":"Cursos y Conferencias semana del 24 al 28 de febrero - UNED Pamplona","robots":{"index":"index","follow":"follow","max-snippet":"max-snippet:-1","max-image-preview":"max-image-preview:large","max-video-preview":"max-video-preview:-1"},"canonical":"https:\/\/unedpamplona.es\/eu\/cursos-y-conferencias-semana-del-24-al-28-de-febrero\/","og_locale":"eu_ES","og_type":"article","og_title":"Cursos y Conferencias semana del 24 al 28 de febrero - UNED Pamplona","og_description":"UNED Pamplona impartir\u00e1 esta semana diferentes formaciones dirigidas a la comunidad universitaria y al p\u00fablico en general. A continuaci\u00f3n detallamos programa, horarios y matr\u00edcula: Conferencia \u201cEmociones ante el c\u00e1ncer de un familiar\u201d 25 de febrero &#8211; 19 horas Ahorrar e invertir: Dos decisiones esenciales en nuestro ciclo de vida 25 de febrero &#8211; 18.00 a [&hellip;]","og_url":"https:\/\/unedpamplona.es\/eu\/cursos-y-conferencias-semana-del-24-al-28-de-febrero\/","og_site_name":"UNED Pamplona","article_published_time":"2025-01-24T12:44:27+00:00","article_modified_time":"2025-03-04T16:21:38+00:00","og_image":[{"width":1920,"height":1080,"url":"https:\/\/unedpamplona.es\/wp-content\/uploads\/2025\/02\/microrrelato-tutor.jpg","type":"image\/jpeg"}],"author":"uned","twitter_card":"summary_large_image","twitter_creator":"@unedpamplona","twitter_site":"@unedpamplona","twitter_misc":{"Written by":"uned","Est. reading time":"1 minute"},"schema":{"@context":"https:\/\/schema.org","@graph":[{"@type":"Article","@id":"https:\/\/unedpamplona.es\/eu\/cursos-y-conferencias-semana-del-24-al-28-de-febrero\/#article","isPartOf":{"@id":"https:\/\/unedpamplona.es\/eu\/cursos-y-conferencias-semana-del-24-al-28-de-febrero\/"},"author":{"name":"uned","@id":"https:\/\/unedpamplona.es\/eu\/#\/schema\/person\/62a05b70c6808d41d8de2111f2b5f568"},"headline":"Cursos y Conferencias semana del 24 al 28 de febrero","datePublished":"2025-01-24T12:44:27+00:00","dateModified":"2025-03-04T16:21:38+00:00","mainEntityOfPage":{"@id":"https:\/\/unedpamplona.es\/eu\/cursos-y-conferencias-semana-del-24-al-28-de-febrero\/"},"wordCount":103,"publisher":{"@id":"https:\/\/unedpamplona.es\/eu\/#organization"},"image":{"@id":"https:\/\/unedpamplona.es\/eu\/cursos-y-conferencias-semana-del-24-al-28-de-febrero\/#primaryimage"},"thumbnailUrl":"https:\/\/unedpamplona.es\/wp-content\/uploads\/2025\/02\/microrrelato-tutor.jpg","articleSection":["Actualidad"],"inLanguage":"eu-ES"},{"@type":"WebPage","@id":"https:\/\/unedpamplona.es\/eu\/cursos-y-conferencias-semana-del-24-al-28-de-febrero\/","url":"https:\/\/unedpamplona.es\/eu\/cursos-y-conferencias-semana-del-24-al-28-de-febrero\/","name":"Cursos y Conferencias semana del 24 al 28 de febrero - UNED Pamplona","isPartOf":{"@id":"https:\/\/unedpamplona.es\/eu\/#website"},"primaryImageOfPage":{"@id":"https:\/\/unedpamplona.es\/eu\/cursos-y-conferencias-semana-del-24-al-28-de-febrero\/#primaryimage"},"image":{"@id":"https:\/\/unedpamplona.es\/eu\/cursos-y-conferencias-semana-del-24-al-28-de-febrero\/#primaryimage"},"thumbnailUrl":"https:\/\/unedpamplona.es\/wp-content\/uploads\/2025\/02\/microrrelato-tutor.jpg","datePublished":"2025-01-24T12:44:27+00:00","dateModified":"2025-03-04T16:21:38+00:00","inLanguage":"eu-ES","potentialAction":[{"@type":"ReadAction","target":["https:\/\/unedpamplona.es\/eu\/cursos-y-conferencias-semana-del-24-al-28-de-febrero\/"]}]},{"@type":"ImageObject","inLanguage":"eu-ES","@id":"https:\/\/unedpamplona.es\/eu\/cursos-y-conferencias-semana-del-24-al-28-de-febrero\/#primaryimage","url":"https:\/\/unedpamplona.es\/wp-content\/uploads\/2025\/02\/microrrelato-tutor.jpg","contentUrl":"https:\/\/unedpamplona.es\/wp-content\/uploads\/2025\/02\/microrrelato-tutor.jpg","width":1920,"height":1080},{"@type":"WebSite","@id":"https:\/\/unedpamplona.es\/eu\/#website","url":"https:\/\/unedpamplona.es\/eu\/","name":"UNED Pamplona","description":"","publisher":{"@id":"https:\/\/unedpamplona.es\/eu\/#organization"},"potentialAction":[{"@type":"SearchAction","target":{"@type":"EntryPoint","urlTemplate":"https:\/\/unedpamplona.es\/eu\/?s={search_term_string}"},"query-input":"required name=search_term_string"}],"inLanguage":"eu-ES"},{"@type":"Organization","@id":"https:\/\/unedpamplona.es\/eu\/#organization","name":"UNED Pamplona","url":"https:\/\/unedpamplona.es\/eu\/","logo":{"@type":"ImageObject","inLanguage":"eu-ES","@id":"https:\/\/unedpamplona.es\/eu\/#\/schema\/logo\/image\/","url":"https:\/\/unedpamplona.es\/wp-content\/uploads\/2024\/02\/uned_pamplona_logo.png","contentUrl":"https:\/\/unedpamplona.es\/wp-content\/uploads\/2024\/02\/uned_pamplona_logo.png","width":218,"height":104,"caption":"UNED Pamplona"},"image":{"@id":"https:\/\/unedpamplona.es\/eu\/#\/schema\/logo\/image\/"},"sameAs":["https:\/\/x.com\/unedpamplona","https:\/\/www.youtube.com\/channel\/UCR2jc6TbCMAPnbcA17Z0wwg","https:\/\/www.instagram.com\/unedpamplona\/"]},{"@type":"Person","@id":"https:\/\/unedpamplona.es\/eu\/#\/schema\/person\/62a05b70c6808d41d8de2111f2b5f568","name":"uned","image":{"@type":"ImageObject","inLanguage":"eu-ES","@id":"https:\/\/unedpamplona.es\/eu\/#\/schema\/person\/image\/","url":"https:\/\/secure.gravatar.com\/avatar\/344a1f8262dc552fd951ddf77b72239b?s=96&d=mm&r=g","contentUrl":"https:\/\/secure.gravatar.com\/avatar\/344a1f8262dc552fd951ddf77b72239b?s=96&d=mm&r=g","caption":"uned"},"url":"https:\/\/unedpamplona.es\/eu\/author\/uned\/"}]}},"_links":{"self":[{"href":"https:\/\/unedpamplona.es\/eu\/wp-json\/wp\/v2\/posts\/7396"}],"collection":[{"href":"https:\/\/unedpamplona.es\/eu\/wp-json\/wp\/v2\/posts"}],"about":[{"href":"https:\/\/unedpamplona.es\/eu\/wp-json\/wp\/v2\/types\/post"}],"author":[{"embeddable":true,"href":"https:\/\/unedpamplona.es\/eu\/wp-json\/wp\/v2\/users\/2"}],"replies":[{"embeddable":true,"href":"https:\/\/unedpamplona.es\/eu\/wp-json\/wp\/v2\/comments?post=7396"}],"version-history":[{"count":1,"href":"https:\/\/unedpamplona.es\/eu\/wp-json\/wp\/v2\/posts\/7396\/revisions"}],"predecessor-version":[{"id":7406,"href":"https:\/\/unedpamplona.es\/eu\/wp-json\/wp\/v2\/posts\/7396\/revisions\/7406"}],"wp:featuredmedia":[{"embeddable":true,"href":"https:\/\/unedpamplona.es\/eu\/wp-json\/wp\/v2\/media\/7404"}],"wp:attachment":[{"href":"https:\/\/unedpamplona.es\/eu\/wp-json\/wp\/v2\/media?parent=7396"}],"wp:term":[{"taxonomy":"category","embeddable":true,"href":"https:\/\/unedpamplona.es\/eu\/wp-json\/wp\/v2\/categories?post=7396"},{"taxonomy":"post_tag","embeddable":true,"href":"https:\/\/unedpamplona.es\/eu\/wp-json\/wp\/v2\/tags?post=7396"}],"curies":[{"name":"wp","href":"https:\/\/api.w.org\/{rel}","templated":true}]}}