{"id":7618,"date":"2025-02-28T13:33:28","date_gmt":"2025-02-28T12:33:28","guid":{"rendered":"https:\/\/unedpamplona.es\/?p=7618"},"modified":"2025-02-28T13:44:16","modified_gmt":"2025-02-28T12:44:16","slug":"7618","status":"publish","type":"post","link":"https:\/\/unedpamplona.es\/eu\/7618\/","title":{"rendered":"Presentaci\u00f3n del informe final del proyecto de investigaci\u00f3n sobre la normativa de racismo y xenofobia"},"content":{"rendered":"<p>UNED Pamplona, en el marco del convenio con el Parlamento de Navarra, ha presentado esta ma\u00f1ana en rueda de prensa algunas de las conclusiones que recoge el informe final de un proyecto de investigaci\u00f3n desarrollado en 2024 para analizar los instrumentos normativos internacionales y europeos existentes en el campo del racismo, la discriminaci\u00f3n racial y la xenofobia.<\/p>\n<p>En la presentaci\u00f3n han participado el presidente del Parlamento de Navarra<strong>, Unai Hualde, <\/strong>el secretario adjunto de UNED Pamplona<strong>, Luis Cort\u00e9s, <\/strong>y tres de las cuatro personas investigadoras<strong>, Mar\u00eda Lasanta, Carmen Innerarity\u00a0y Sergio Garc\u00eda Magari\u00f1o. <\/strong>Completa el equipo investigador <strong>Xantiago Gardeazabal.<\/strong><\/p>\n<p>El presidente de la C\u00e1mara ha resaltado el valor y el talento investigador de las tres universidades navarras y ha incidido en\u00a0 como &#8221; nuestra instituci\u00f3n puede sacar provecho de este talento para enriquecer el trabajo parlamentario\u201d.<\/p>\n<p>El objetivo de este proyecto no es otro que realizar una aproximaci\u00f3n a las referencias legales en materia de racismo y xenofobia a nivel europeo y analizar en qu\u00e9 medida la normativa de la Comunidad Foral de Navarra en esta materia refleja esas recomendaciones. Se pretende identificar las sinergias y divergencias entre las normativas europeas y las pol\u00edticas forales, al tiempo que contrastar ambas con las demandas de la propia ciudadan\u00eda.\u00a0 En este sentido, Hualde ha destacado que <em>\u201cla inmigraci\u00f3n es una cuesti\u00f3n que est\u00e1 y va a estar en la agenda pol\u00edtica en Navarra y en el Estado. Por no hablar de los discursos que desde el auge de ideolog\u00edas de ultraderecha vienen proliferando en los \u00faltimos a\u00f1os y de los que tampoco est\u00e1 libre, lamentablemente, nuestro hemiciclo\u201d<\/em>, ha indicado.<\/p>\n<p>Por parte de UNED en Pamplona, su secretario adjunto, <strong>Luis Cort\u00e9s<\/strong>, ha querido poner en valor un proyecto ambicioso que ha requerido de un mayor trabajo del que inicialmente se hab\u00eda planteado:\u00a0<em> \u201cLa ingente cantidad de documentaci\u00f3n recopilada nos permite tener una visi\u00f3n privilegiada de este \u00e1mbito, para luego poder tomar decisiones informadas, sensatas y cabales desde este Parlamento\u201d<\/em>, ha declarado.<\/p>\n<p>Asimismo, ha a\u00f1adido que <em>&#8220;el tema del racismo y la xenofobia preocupa a UNED Pamplona, una universidad muy social, que siente como suyo el desaf\u00edo de trasladar el conocimiento acad\u00e9mico a la ciudadan\u00eda, buscando una mejora del funcionamiento de los espacios p\u00fablicos&#8221;<\/em>. Y, por \u00faltimo, ha mencionado que &#8220;<em>el informe presentado es el estudio m\u00e1s completo que existe dentro de su g\u00e9nero hasta la fecha<\/em>&#8220;.<\/p>\n<p>Tras las intervenciones institucionales, han tomado la palabra los tres investigadores.<\/p>\n<p><strong>Carmen Innerarity<\/strong> ha resaltado c\u00f3mo \u201c<em>a pesar de la deslegitimaci\u00f3n social del racismo, asistimos hoy en d\u00eda a un auge de manifestaciones mucho m\u00e1s sutiles y abiertas, pero con un contenido claramente xen\u00f3fobo, por ejemplo, los insultos en el f\u00fatbol o el auge de formaciones pol\u00edticas que defienden propuestas y discursos con contenido racista<\/em>\u201d. Ha resaltado que, seg\u00fan el Servicio de Atenci\u00f3n frente al Racismo en Navarra, se ha\u00a0 denunciado 248 casos de discriminaci\u00f3n en 2024.<\/p>\n<p><strong>Mar\u00eda Lasanta\u00a0<\/strong>ha puesto el foco en las figuras relevantes de la sociedad, aquellas que tienen capacidad de dirigir el debate pol\u00edtico, \u201c<em>a las que se les empieza a exigir medidas de autorregulaci\u00f3n y establecimiento de c\u00f3digos de conductas al respecto<\/em>\u201d. Tambi\u00e9n ha incidido en la necesidad de dar facilidades de acceso a la denuncia y en el apoyo a las v\u00edctimas en todo el proceso &#8220;<em>para evitar victimizaci\u00f3n en los medios o en los propios procesos judiciales, en la necesidad de alfabetizar medi\u00e1ticamente y en la importancia de dar voz a las minor\u00edas a la hora de realizar pol\u00edticas p\u00fablicas<\/em>&#8220;, ha concluido<\/p>\n<p>Entre las cuestiones que el trabajo encuentra oportuno avanzar se encuentra la capacidad de diagn\u00f3stico, detecci\u00f3n de tendencias y monitorizaci\u00f3n del racismo y la xenofobia por parte del ejecutivo foral, dado que tanto la Ley Foral 13\/2023, de 5 de abril, de lucha contra el racismo y la xenofobia como el Plan de Lucha contra el Racismo de Navarra 2021-2026 abordan estas cuestiones de una manera muy superficial. En este sentido, <strong>Sergio Garc\u00eda<\/strong> ha destacado que \u201d<em>Navarra no es especialmente hostil a la poblaci\u00f3n migrante y, por tanto, es importante reflexionar para encontrar medidas especiales de condena p\u00fablica a figuras relevantes que caigan en un discurso de odio, que se est\u00e1 comprobando como cala en la sociedad<\/em>&#8220;.<\/p>\n<p>En cualquier caso, el informe desarrollado por investigadores de la UNED recoge que la inmensa mayor\u00eda de las propuestas y medidas sugeridas por las organizaciones y entidades sociales han sido incorporadas a la normativa foral, bien a trav\u00e9s de la Ley Foral o por medio del citado Plan.<\/p>\n<p>El\u00a0<a href=\"https:\/\/parlamentodenavarra.es\/es\/noticias\/parlamento-de-navarra-y-uned-pamplona-suscriben-el-primer-convenio-de-colaboraci%C3%B3n-para-la\">convenio<\/a> de colaboraci\u00f3n entre el Parlamento y el Centro Asociado de la UNED ha desarrollado otras actuaciones como la creaci\u00f3n de un Aula Parlamentaria que, dentro del programa de UNED S\u00e9nior, que ha servido de encuentro y debate entre el profesorado tutor de UNED Pamplona y la ciudadan\u00eda; un curso de extensi\u00f3n universitaria con el que, coincidiendo con el 41 aniversario de la LORAFNA, se ha profundizado en el conocimiento del Derecho P\u00fablico de la Comunidad Foral.<\/p>\n","protected":false},"excerpt":{"rendered":"<p>UNED Pamplona, en el marco del convenio con el Parlamento de Navarra, ha presentado esta ma\u00f1ana en rueda de prensa algunas de las conclusiones que recoge el informe final de un proyecto de investigaci\u00f3n desarrollado en 2024 para analizar los instrumentos normativos internacionales y europeos existentes en el campo del racismo, la discriminaci\u00f3n racial y [&hellip;]<\/p>\n","protected":false},"author":2,"featured_media":7620,"comment_status":"closed","ping_status":"closed","sticky":false,"template":"","format":"standard","meta":{"footnotes":""},"categories":[11],"tags":[],"yoast_head":"<!-- This site is optimized with the Yoast SEO plugin v22.5 - https:\/\/yoast.com\/wordpress\/plugins\/seo\/ -->\n<title>Presentaci\u00f3n del informe final del proyecto de investigaci\u00f3n sobre la normativa de racismo y xenofobia - UNED Pamplona<\/title>\n<meta name=\"robots\" content=\"index, follow, max-snippet:-1, max-image-preview:large, max-video-preview:-1\" \/>\n<link rel=\"canonical\" href=\"https:\/\/unedpamplona.es\/eu\/7618\/\" \/>\n<meta property=\"og:locale\" content=\"eu_ES\" \/>\n<meta property=\"og:type\" content=\"article\" \/>\n<meta property=\"og:title\" content=\"Presentaci\u00f3n del informe final del proyecto de investigaci\u00f3n sobre la normativa de racismo y xenofobia - UNED Pamplona\" \/>\n<meta property=\"og:description\" content=\"UNED Pamplona, en el marco del convenio con el Parlamento de Navarra, ha presentado esta ma\u00f1ana en rueda de prensa algunas de las conclusiones que recoge el informe final de un proyecto de investigaci\u00f3n desarrollado en 2024 para analizar los instrumentos normativos internacionales y europeos existentes en el campo del racismo, la discriminaci\u00f3n racial y [&hellip;]\" \/>\n<meta property=\"og:url\" content=\"https:\/\/unedpamplona.es\/eu\/7618\/\" \/>\n<meta property=\"og:site_name\" content=\"UNED Pamplona\" \/>\n<meta property=\"article:published_time\" content=\"2025-02-28T12:33:28+00:00\" \/>\n<meta property=\"article:modified_time\" content=\"2025-02-28T12:44:16+00:00\" \/>\n<meta property=\"og:image\" content=\"https:\/\/unedpamplona.es\/wp-content\/uploads\/2025\/02\/PARLAMENTO.jpg\" \/>\n\t<meta property=\"og:image:width\" content=\"900\" \/>\n\t<meta property=\"og:image:height\" content=\"600\" \/>\n\t<meta property=\"og:image:type\" content=\"image\/jpeg\" \/>\n<meta name=\"author\" content=\"uned\" \/>\n<meta name=\"twitter:card\" content=\"summary_large_image\" \/>\n<meta name=\"twitter:creator\" content=\"@unedpamplona\" \/>\n<meta name=\"twitter:site\" content=\"@unedpamplona\" \/>\n<meta name=\"twitter:label1\" content=\"Written by\" \/>\n\t<meta name=\"twitter:data1\" content=\"uned\" \/>\n\t<meta name=\"twitter:label2\" content=\"Est. reading time\" \/>\n\t<meta name=\"twitter:data2\" content=\"4 minutes\" \/>\n<script type=\"application\/ld+json\" class=\"yoast-schema-graph\">{\"@context\":\"https:\/\/schema.org\",\"@graph\":[{\"@type\":\"Article\",\"@id\":\"https:\/\/unedpamplona.es\/eu\/7618\/#article\",\"isPartOf\":{\"@id\":\"https:\/\/unedpamplona.es\/eu\/7618\/\"},\"author\":{\"name\":\"uned\",\"@id\":\"https:\/\/unedpamplona.es\/eu\/#\/schema\/person\/62a05b70c6808d41d8de2111f2b5f568\"},\"headline\":\"Presentaci\u00f3n del informe final del proyecto de investigaci\u00f3n sobre la normativa de racismo y xenofobia\",\"datePublished\":\"2025-02-28T12:33:28+00:00\",\"dateModified\":\"2025-02-28T12:44:16+00:00\",\"mainEntityOfPage\":{\"@id\":\"https:\/\/unedpamplona.es\/eu\/7618\/\"},\"wordCount\":900,\"publisher\":{\"@id\":\"https:\/\/unedpamplona.es\/eu\/#organization\"},\"image\":{\"@id\":\"https:\/\/unedpamplona.es\/eu\/7618\/#primaryimage\"},\"thumbnailUrl\":\"https:\/\/unedpamplona.es\/wp-content\/uploads\/2025\/02\/PARLAMENTO.jpg\",\"articleSection\":[\"Actualidad\"],\"inLanguage\":\"eu-ES\"},{\"@type\":\"WebPage\",\"@id\":\"https:\/\/unedpamplona.es\/eu\/7618\/\",\"url\":\"https:\/\/unedpamplona.es\/eu\/7618\/\",\"name\":\"Presentaci\u00f3n del informe final del proyecto de investigaci\u00f3n sobre la normativa de racismo y xenofobia - UNED Pamplona\",\"isPartOf\":{\"@id\":\"https:\/\/unedpamplona.es\/eu\/#website\"},\"primaryImageOfPage\":{\"@id\":\"https:\/\/unedpamplona.es\/eu\/7618\/#primaryimage\"},\"image\":{\"@id\":\"https:\/\/unedpamplona.es\/eu\/7618\/#primaryimage\"},\"thumbnailUrl\":\"https:\/\/unedpamplona.es\/wp-content\/uploads\/2025\/02\/PARLAMENTO.jpg\",\"datePublished\":\"2025-02-28T12:33:28+00:00\",\"dateModified\":\"2025-02-28T12:44:16+00:00\",\"inLanguage\":\"eu-ES\",\"potentialAction\":[{\"@type\":\"ReadAction\",\"target\":[\"https:\/\/unedpamplona.es\/eu\/7618\/\"]}]},{\"@type\":\"ImageObject\",\"inLanguage\":\"eu-ES\",\"@id\":\"https:\/\/unedpamplona.es\/eu\/7618\/#primaryimage\",\"url\":\"https:\/\/unedpamplona.es\/wp-content\/uploads\/2025\/02\/PARLAMENTO.jpg\",\"contentUrl\":\"https:\/\/unedpamplona.es\/wp-content\/uploads\/2025\/02\/PARLAMENTO.jpg\",\"width\":900,\"height\":600},{\"@type\":\"WebSite\",\"@id\":\"https:\/\/unedpamplona.es\/eu\/#website\",\"url\":\"https:\/\/unedpamplona.es\/eu\/\",\"name\":\"UNED Pamplona\",\"description\":\"\",\"publisher\":{\"@id\":\"https:\/\/unedpamplona.es\/eu\/#organization\"},\"potentialAction\":[{\"@type\":\"SearchAction\",\"target\":{\"@type\":\"EntryPoint\",\"urlTemplate\":\"https:\/\/unedpamplona.es\/eu\/?s={search_term_string}\"},\"query-input\":\"required name=search_term_string\"}],\"inLanguage\":\"eu-ES\"},{\"@type\":\"Organization\",\"@id\":\"https:\/\/unedpamplona.es\/eu\/#organization\",\"name\":\"UNED Pamplona\",\"url\":\"https:\/\/unedpamplona.es\/eu\/\",\"logo\":{\"@type\":\"ImageObject\",\"inLanguage\":\"eu-ES\",\"@id\":\"https:\/\/unedpamplona.es\/eu\/#\/schema\/logo\/image\/\",\"url\":\"https:\/\/unedpamplona.es\/wp-content\/uploads\/2024\/02\/uned_pamplona_logo.png\",\"contentUrl\":\"https:\/\/unedpamplona.es\/wp-content\/uploads\/2024\/02\/uned_pamplona_logo.png\",\"width\":218,\"height\":104,\"caption\":\"UNED Pamplona\"},\"image\":{\"@id\":\"https:\/\/unedpamplona.es\/eu\/#\/schema\/logo\/image\/\"},\"sameAs\":[\"https:\/\/x.com\/unedpamplona\",\"https:\/\/www.youtube.com\/channel\/UCR2jc6TbCMAPnbcA17Z0wwg\",\"https:\/\/www.instagram.com\/unedpamplona\/\"]},{\"@type\":\"Person\",\"@id\":\"https:\/\/unedpamplona.es\/eu\/#\/schema\/person\/62a05b70c6808d41d8de2111f2b5f568\",\"name\":\"uned\",\"image\":{\"@type\":\"ImageObject\",\"inLanguage\":\"eu-ES\",\"@id\":\"https:\/\/unedpamplona.es\/eu\/#\/schema\/person\/image\/\",\"url\":\"https:\/\/secure.gravatar.com\/avatar\/344a1f8262dc552fd951ddf77b72239b?s=96&d=mm&r=g\",\"contentUrl\":\"https:\/\/secure.gravatar.com\/avatar\/344a1f8262dc552fd951ddf77b72239b?s=96&d=mm&r=g\",\"caption\":\"uned\"},\"url\":\"https:\/\/unedpamplona.es\/eu\/author\/uned\/\"}]}<\/script>\n<!-- \/ Yoast SEO plugin. -->","yoast_head_json":{"title":"Presentaci\u00f3n del informe final del proyecto de investigaci\u00f3n sobre la normativa de racismo y xenofobia - UNED Pamplona","robots":{"index":"index","follow":"follow","max-snippet":"max-snippet:-1","max-image-preview":"max-image-preview:large","max-video-preview":"max-video-preview:-1"},"canonical":"https:\/\/unedpamplona.es\/eu\/7618\/","og_locale":"eu_ES","og_type":"article","og_title":"Presentaci\u00f3n del informe final del proyecto de investigaci\u00f3n sobre la normativa de racismo y xenofobia - UNED Pamplona","og_description":"UNED Pamplona, en el marco del convenio con el Parlamento de Navarra, ha presentado esta ma\u00f1ana en rueda de prensa algunas de las conclusiones que recoge el informe final de un proyecto de investigaci\u00f3n desarrollado en 2024 para analizar los instrumentos normativos internacionales y europeos existentes en el campo del racismo, la discriminaci\u00f3n racial y [&hellip;]","og_url":"https:\/\/unedpamplona.es\/eu\/7618\/","og_site_name":"UNED Pamplona","article_published_time":"2025-02-28T12:33:28+00:00","article_modified_time":"2025-02-28T12:44:16+00:00","og_image":[{"width":900,"height":600,"url":"https:\/\/unedpamplona.es\/wp-content\/uploads\/2025\/02\/PARLAMENTO.jpg","type":"image\/jpeg"}],"author":"uned","twitter_card":"summary_large_image","twitter_creator":"@unedpamplona","twitter_site":"@unedpamplona","twitter_misc":{"Written by":"uned","Est. reading time":"4 minutes"},"schema":{"@context":"https:\/\/schema.org","@graph":[{"@type":"Article","@id":"https:\/\/unedpamplona.es\/eu\/7618\/#article","isPartOf":{"@id":"https:\/\/unedpamplona.es\/eu\/7618\/"},"author":{"name":"uned","@id":"https:\/\/unedpamplona.es\/eu\/#\/schema\/person\/62a05b70c6808d41d8de2111f2b5f568"},"headline":"Presentaci\u00f3n del informe final del proyecto de investigaci\u00f3n sobre la normativa de racismo y xenofobia","datePublished":"2025-02-28T12:33:28+00:00","dateModified":"2025-02-28T12:44:16+00:00","mainEntityOfPage":{"@id":"https:\/\/unedpamplona.es\/eu\/7618\/"},"wordCount":900,"publisher":{"@id":"https:\/\/unedpamplona.es\/eu\/#organization"},"image":{"@id":"https:\/\/unedpamplona.es\/eu\/7618\/#primaryimage"},"thumbnailUrl":"https:\/\/unedpamplona.es\/wp-content\/uploads\/2025\/02\/PARLAMENTO.jpg","articleSection":["Actualidad"],"inLanguage":"eu-ES"},{"@type":"WebPage","@id":"https:\/\/unedpamplona.es\/eu\/7618\/","url":"https:\/\/unedpamplona.es\/eu\/7618\/","name":"Presentaci\u00f3n del informe final del proyecto de investigaci\u00f3n sobre la normativa de racismo y xenofobia - UNED Pamplona","isPartOf":{"@id":"https:\/\/unedpamplona.es\/eu\/#website"},"primaryImageOfPage":{"@id":"https:\/\/unedpamplona.es\/eu\/7618\/#primaryimage"},"image":{"@id":"https:\/\/unedpamplona.es\/eu\/7618\/#primaryimage"},"thumbnailUrl":"https:\/\/unedpamplona.es\/wp-content\/uploads\/2025\/02\/PARLAMENTO.jpg","datePublished":"2025-02-28T12:33:28+00:00","dateModified":"2025-02-28T12:44:16+00:00","inLanguage":"eu-ES","potentialAction":[{"@type":"ReadAction","target":["https:\/\/unedpamplona.es\/eu\/7618\/"]}]},{"@type":"ImageObject","inLanguage":"eu-ES","@id":"https:\/\/unedpamplona.es\/eu\/7618\/#primaryimage","url":"https:\/\/unedpamplona.es\/wp-content\/uploads\/2025\/02\/PARLAMENTO.jpg","contentUrl":"https:\/\/unedpamplona.es\/wp-content\/uploads\/2025\/02\/PARLAMENTO.jpg","width":900,"height":600},{"@type":"WebSite","@id":"https:\/\/unedpamplona.es\/eu\/#website","url":"https:\/\/unedpamplona.es\/eu\/","name":"UNED Pamplona","description":"","publisher":{"@id":"https:\/\/unedpamplona.es\/eu\/#organization"},"potentialAction":[{"@type":"SearchAction","target":{"@type":"EntryPoint","urlTemplate":"https:\/\/unedpamplona.es\/eu\/?s={search_term_string}"},"query-input":"required name=search_term_string"}],"inLanguage":"eu-ES"},{"@type":"Organization","@id":"https:\/\/unedpamplona.es\/eu\/#organization","name":"UNED Pamplona","url":"https:\/\/unedpamplona.es\/eu\/","logo":{"@type":"ImageObject","inLanguage":"eu-ES","@id":"https:\/\/unedpamplona.es\/eu\/#\/schema\/logo\/image\/","url":"https:\/\/unedpamplona.es\/wp-content\/uploads\/2024\/02\/uned_pamplona_logo.png","contentUrl":"https:\/\/unedpamplona.es\/wp-content\/uploads\/2024\/02\/uned_pamplona_logo.png","width":218,"height":104,"caption":"UNED Pamplona"},"image":{"@id":"https:\/\/unedpamplona.es\/eu\/#\/schema\/logo\/image\/"},"sameAs":["https:\/\/x.com\/unedpamplona","https:\/\/www.youtube.com\/channel\/UCR2jc6TbCMAPnbcA17Z0wwg","https:\/\/www.instagram.com\/unedpamplona\/"]},{"@type":"Person","@id":"https:\/\/unedpamplona.es\/eu\/#\/schema\/person\/62a05b70c6808d41d8de2111f2b5f568","name":"uned","image":{"@type":"ImageObject","inLanguage":"eu-ES","@id":"https:\/\/unedpamplona.es\/eu\/#\/schema\/person\/image\/","url":"https:\/\/secure.gravatar.com\/avatar\/344a1f8262dc552fd951ddf77b72239b?s=96&d=mm&r=g","contentUrl":"https:\/\/secure.gravatar.com\/avatar\/344a1f8262dc552fd951ddf77b72239b?s=96&d=mm&r=g","caption":"uned"},"url":"https:\/\/unedpamplona.es\/eu\/author\/uned\/"}]}},"_links":{"self":[{"href":"https:\/\/unedpamplona.es\/eu\/wp-json\/wp\/v2\/posts\/7618"}],"collection":[{"href":"https:\/\/unedpamplona.es\/eu\/wp-json\/wp\/v2\/posts"}],"about":[{"href":"https:\/\/unedpamplona.es\/eu\/wp-json\/wp\/v2\/types\/post"}],"author":[{"embeddable":true,"href":"https:\/\/unedpamplona.es\/eu\/wp-json\/wp\/v2\/users\/2"}],"replies":[{"embeddable":true,"href":"https:\/\/unedpamplona.es\/eu\/wp-json\/wp\/v2\/comments?post=7618"}],"version-history":[{"count":4,"href":"https:\/\/unedpamplona.es\/eu\/wp-json\/wp\/v2\/posts\/7618\/revisions"}],"predecessor-version":[{"id":7627,"href":"https:\/\/unedpamplona.es\/eu\/wp-json\/wp\/v2\/posts\/7618\/revisions\/7627"}],"wp:featuredmedia":[{"embeddable":true,"href":"https:\/\/unedpamplona.es\/eu\/wp-json\/wp\/v2\/media\/7620"}],"wp:attachment":[{"href":"https:\/\/unedpamplona.es\/eu\/wp-json\/wp\/v2\/media?parent=7618"}],"wp:term":[{"taxonomy":"category","embeddable":true,"href":"https:\/\/unedpamplona.es\/eu\/wp-json\/wp\/v2\/categories?post=7618"},{"taxonomy":"post_tag","embeddable":true,"href":"https:\/\/unedpamplona.es\/eu\/wp-json\/wp\/v2\/tags?post=7618"}],"curies":[{"name":"wp","href":"https:\/\/api.w.org\/{rel}","templated":true}]}}