{"id":9989,"date":"2025-08-06T10:46:29","date_gmt":"2025-08-06T08:46:29","guid":{"rendered":"https:\/\/unedpamplona.es\/?p=9989"},"modified":"2025-10-03T10:05:15","modified_gmt":"2025-10-03T08:05:15","slug":"conferencia-como-tender-puentes-a-los-as-hijos-as","status":"publish","type":"post","link":"https:\/\/unedpamplona.es\/eu\/conferencia-como-tender-puentes-a-los-as-hijos-as\/","title":{"rendered":"Conferencia &#8220;C\u00f3mo tender puentes a los\/as hijos\/as&#8221;"},"content":{"rendered":"<div class=\"xdj266r x11i5rnm xat24cr x1mh8g0r x1vvkbs x126k92a\">\n<div dir=\"auto\">Dentro de la C\u00e1tedra de Inteligencia Emocional de UNED Pamplona y Fundaci\u00f3n Caja Navarra, el mi\u00e9rcoles, 1 de octubre, se celebrar\u00e1 la conferencia &#8220;C\u00f3mo tender puentes a los\/as hijos\/as&#8221;, impartida por la orientadora y formadora familiar de Padres Formados, Leticia Garc\u00e9s: &#8220;La Educaci\u00f3n Emocional en la familia la podemos transmitir desde la parentalidad positiva, que es la ciencia aplicada a las relaciones filiales, es decir, a la convivencia familiar&#8221;.<\/div>\n<div dir=\"auto\"><\/div>\n<div dir=\"auto\">La <strong><a href=\"https:\/\/extension.uned.es\/actividad\/idactividad\/46289\">MATR\u00cdCULA<\/a><\/strong> es gratuita, previa inscripci\u00f3n.<\/div>\n<\/div>\n<div dir=\"auto\"><\/div>\n<div dir=\"auto\"><\/div>\n<div dir=\"auto\">Durante la infancia se asientan las bases de nuestra personalidad adulta, por eso los primeros a\u00f1os de nuestra existencia necesitamos recibir cuidados de calidad, afecto y buenos tratos, experiencias educativas que nos conecten con el amor y la seguridad y sobre todo que las emociones m\u00e1s displacenteras como son el miedo, la verg\u00fcenza, la tristeza o la rabia sean escuchadas y bien acompa\u00f1adas por adultos emocionalmente competentes.<\/div>\n<div dir=\"auto\"><\/div>\n<div class=\"x11i5rnm xat24cr x1mh8g0r x1vvkbs xtlvy1s x126k92a\">\n<div dir=\"auto\">\n<p>Tambi\u00e9n es cierto que los padres educan desde su propia experiencia infantil, de modo que es probable que si han crecido con carencias afectivas tengan dificultad para llevar a cabo una parentalidad positiva, es decir, una crianza respetuosa y con respaldo cient\u00edfico. Por esta raz\u00f3n, la ponente revisar\u00e1 nuestra mirada hacia la infancia y adolescencia, acerc\u00e1ndonos a las neurociencias para adquirir un conocimiento actualizado que nos permita educar priorizando el desarrollo emocional y cerebral de los infantes. Esta conferencia es una oportunidad para reflexionar sobre las necesidades de la infancia desde la mirada del adulto.<\/p>\n<\/div>\n<\/div>\n","protected":false},"excerpt":{"rendered":"<p>Dentro de la C\u00e1tedra de Inteligencia Emocional de UNED Pamplona y Fundaci\u00f3n Caja Navarra, el mi\u00e9rcoles, 1 de octubre, se celebrar\u00e1 la conferencia &#8220;C\u00f3mo tender puentes a los\/as hijos\/as&#8221;, impartida por la orientadora y formadora familiar de Padres Formados, Leticia Garc\u00e9s: &#8220;La Educaci\u00f3n Emocional en la familia la podemos transmitir desde la parentalidad positiva, que [&hellip;]<\/p>\n","protected":false},"author":2,"featured_media":12451,"comment_status":"closed","ping_status":"closed","sticky":false,"template":"","format":"standard","meta":{"footnotes":""},"categories":[],"tags":[],"yoast_head":"<!-- This site is optimized with the Yoast SEO plugin v22.5 - https:\/\/yoast.com\/wordpress\/plugins\/seo\/ -->\n<title>Conferencia &quot;C\u00f3mo tender puentes a los\/as hijos\/as&quot; - UNED Pamplona<\/title>\n<meta name=\"robots\" content=\"index, follow, max-snippet:-1, max-image-preview:large, max-video-preview:-1\" \/>\n<link rel=\"canonical\" href=\"https:\/\/unedpamplona.es\/eu\/conferencia-como-tender-puentes-a-los-as-hijos-as\/\" \/>\n<meta property=\"og:locale\" content=\"eu_ES\" \/>\n<meta property=\"og:type\" content=\"article\" \/>\n<meta property=\"og:title\" content=\"Conferencia &quot;C\u00f3mo tender puentes a los\/as hijos\/as&quot; - UNED Pamplona\" \/>\n<meta property=\"og:description\" content=\"Dentro de la C\u00e1tedra de Inteligencia Emocional de UNED Pamplona y Fundaci\u00f3n Caja Navarra, el mi\u00e9rcoles, 1 de octubre, se celebrar\u00e1 la conferencia &#8220;C\u00f3mo tender puentes a los\/as hijos\/as&#8221;, impartida por la orientadora y formadora familiar de Padres Formados, Leticia Garc\u00e9s: &#8220;La Educaci\u00f3n Emocional en la familia la podemos transmitir desde la parentalidad positiva, que [&hellip;]\" \/>\n<meta property=\"og:url\" content=\"https:\/\/unedpamplona.es\/eu\/conferencia-como-tender-puentes-a-los-as-hijos-as\/\" \/>\n<meta property=\"og:site_name\" content=\"UNED Pamplona\" \/>\n<meta property=\"article:published_time\" content=\"2025-08-06T08:46:29+00:00\" \/>\n<meta property=\"article:modified_time\" content=\"2025-10-03T08:05:15+00:00\" \/>\n<meta property=\"og:image\" content=\"https:\/\/unedpamplona.es\/wp-content\/uploads\/2025\/05\/CATEDRA.png\" \/>\n\t<meta property=\"og:image:width\" content=\"934\" \/>\n\t<meta property=\"og:image:height\" content=\"383\" \/>\n\t<meta property=\"og:image:type\" content=\"image\/png\" \/>\n<meta name=\"author\" content=\"uned\" \/>\n<meta name=\"twitter:card\" content=\"summary_large_image\" \/>\n<meta name=\"twitter:creator\" content=\"@unedpamplona\" \/>\n<meta name=\"twitter:site\" content=\"@unedpamplona\" \/>\n<meta name=\"twitter:label1\" content=\"Written by\" \/>\n\t<meta name=\"twitter:data1\" content=\"uned\" \/>\n\t<meta name=\"twitter:label2\" content=\"Est. reading time\" \/>\n\t<meta name=\"twitter:data2\" content=\"2 minutes\" \/>\n<script type=\"application\/ld+json\" class=\"yoast-schema-graph\">{\"@context\":\"https:\/\/schema.org\",\"@graph\":[{\"@type\":\"Article\",\"@id\":\"https:\/\/unedpamplona.es\/eu\/conferencia-como-tender-puentes-a-los-as-hijos-as\/#article\",\"isPartOf\":{\"@id\":\"https:\/\/unedpamplona.es\/eu\/conferencia-como-tender-puentes-a-los-as-hijos-as\/\"},\"author\":{\"name\":\"uned\",\"@id\":\"https:\/\/unedpamplona.es\/eu\/#\/schema\/person\/62a05b70c6808d41d8de2111f2b5f568\"},\"headline\":\"Conferencia &#8220;C\u00f3mo tender puentes a los\/as hijos\/as&#8221;\",\"datePublished\":\"2025-08-06T08:46:29+00:00\",\"dateModified\":\"2025-10-03T08:05:15+00:00\",\"mainEntityOfPage\":{\"@id\":\"https:\/\/unedpamplona.es\/eu\/conferencia-como-tender-puentes-a-los-as-hijos-as\/\"},\"wordCount\":264,\"publisher\":{\"@id\":\"https:\/\/unedpamplona.es\/eu\/#organization\"},\"image\":{\"@id\":\"https:\/\/unedpamplona.es\/eu\/conferencia-como-tender-puentes-a-los-as-hijos-as\/#primaryimage\"},\"thumbnailUrl\":\"https:\/\/unedpamplona.es\/wp-content\/uploads\/2025\/05\/CATEDRA.png\",\"inLanguage\":\"eu-ES\"},{\"@type\":\"WebPage\",\"@id\":\"https:\/\/unedpamplona.es\/eu\/conferencia-como-tender-puentes-a-los-as-hijos-as\/\",\"url\":\"https:\/\/unedpamplona.es\/eu\/conferencia-como-tender-puentes-a-los-as-hijos-as\/\",\"name\":\"Conferencia \\\"C\u00f3mo tender puentes a los\/as hijos\/as\\\" - UNED Pamplona\",\"isPartOf\":{\"@id\":\"https:\/\/unedpamplona.es\/eu\/#website\"},\"primaryImageOfPage\":{\"@id\":\"https:\/\/unedpamplona.es\/eu\/conferencia-como-tender-puentes-a-los-as-hijos-as\/#primaryimage\"},\"image\":{\"@id\":\"https:\/\/unedpamplona.es\/eu\/conferencia-como-tender-puentes-a-los-as-hijos-as\/#primaryimage\"},\"thumbnailUrl\":\"https:\/\/unedpamplona.es\/wp-content\/uploads\/2025\/05\/CATEDRA.png\",\"datePublished\":\"2025-08-06T08:46:29+00:00\",\"dateModified\":\"2025-10-03T08:05:15+00:00\",\"inLanguage\":\"eu-ES\",\"potentialAction\":[{\"@type\":\"ReadAction\",\"target\":[\"https:\/\/unedpamplona.es\/eu\/conferencia-como-tender-puentes-a-los-as-hijos-as\/\"]}]},{\"@type\":\"ImageObject\",\"inLanguage\":\"eu-ES\",\"@id\":\"https:\/\/unedpamplona.es\/eu\/conferencia-como-tender-puentes-a-los-as-hijos-as\/#primaryimage\",\"url\":\"https:\/\/unedpamplona.es\/wp-content\/uploads\/2025\/05\/CATEDRA.png\",\"contentUrl\":\"https:\/\/unedpamplona.es\/wp-content\/uploads\/2025\/05\/CATEDRA.png\",\"width\":934,\"height\":383},{\"@type\":\"WebSite\",\"@id\":\"https:\/\/unedpamplona.es\/eu\/#website\",\"url\":\"https:\/\/unedpamplona.es\/eu\/\",\"name\":\"UNED Pamplona\",\"description\":\"\",\"publisher\":{\"@id\":\"https:\/\/unedpamplona.es\/eu\/#organization\"},\"potentialAction\":[{\"@type\":\"SearchAction\",\"target\":{\"@type\":\"EntryPoint\",\"urlTemplate\":\"https:\/\/unedpamplona.es\/eu\/?s={search_term_string}\"},\"query-input\":\"required name=search_term_string\"}],\"inLanguage\":\"eu-ES\"},{\"@type\":\"Organization\",\"@id\":\"https:\/\/unedpamplona.es\/eu\/#organization\",\"name\":\"UNED Pamplona\",\"url\":\"https:\/\/unedpamplona.es\/eu\/\",\"logo\":{\"@type\":\"ImageObject\",\"inLanguage\":\"eu-ES\",\"@id\":\"https:\/\/unedpamplona.es\/eu\/#\/schema\/logo\/image\/\",\"url\":\"https:\/\/unedpamplona.es\/wp-content\/uploads\/2024\/02\/uned_pamplona_logo.png\",\"contentUrl\":\"https:\/\/unedpamplona.es\/wp-content\/uploads\/2024\/02\/uned_pamplona_logo.png\",\"width\":218,\"height\":104,\"caption\":\"UNED Pamplona\"},\"image\":{\"@id\":\"https:\/\/unedpamplona.es\/eu\/#\/schema\/logo\/image\/\"},\"sameAs\":[\"https:\/\/x.com\/unedpamplona\",\"https:\/\/www.youtube.com\/channel\/UCR2jc6TbCMAPnbcA17Z0wwg\",\"https:\/\/www.instagram.com\/unedpamplona\/\"]},{\"@type\":\"Person\",\"@id\":\"https:\/\/unedpamplona.es\/eu\/#\/schema\/person\/62a05b70c6808d41d8de2111f2b5f568\",\"name\":\"uned\",\"image\":{\"@type\":\"ImageObject\",\"inLanguage\":\"eu-ES\",\"@id\":\"https:\/\/unedpamplona.es\/eu\/#\/schema\/person\/image\/\",\"url\":\"https:\/\/secure.gravatar.com\/avatar\/344a1f8262dc552fd951ddf77b72239b?s=96&d=mm&r=g\",\"contentUrl\":\"https:\/\/secure.gravatar.com\/avatar\/344a1f8262dc552fd951ddf77b72239b?s=96&d=mm&r=g\",\"caption\":\"uned\"},\"url\":\"https:\/\/unedpamplona.es\/eu\/author\/uned\/\"}]}<\/script>\n<!-- \/ Yoast SEO plugin. -->","yoast_head_json":{"title":"Conferencia \"C\u00f3mo tender puentes a los\/as hijos\/as\" - UNED Pamplona","robots":{"index":"index","follow":"follow","max-snippet":"max-snippet:-1","max-image-preview":"max-image-preview:large","max-video-preview":"max-video-preview:-1"},"canonical":"https:\/\/unedpamplona.es\/eu\/conferencia-como-tender-puentes-a-los-as-hijos-as\/","og_locale":"eu_ES","og_type":"article","og_title":"Conferencia \"C\u00f3mo tender puentes a los\/as hijos\/as\" - UNED Pamplona","og_description":"Dentro de la C\u00e1tedra de Inteligencia Emocional de UNED Pamplona y Fundaci\u00f3n Caja Navarra, el mi\u00e9rcoles, 1 de octubre, se celebrar\u00e1 la conferencia &#8220;C\u00f3mo tender puentes a los\/as hijos\/as&#8221;, impartida por la orientadora y formadora familiar de Padres Formados, Leticia Garc\u00e9s: &#8220;La Educaci\u00f3n Emocional en la familia la podemos transmitir desde la parentalidad positiva, que [&hellip;]","og_url":"https:\/\/unedpamplona.es\/eu\/conferencia-como-tender-puentes-a-los-as-hijos-as\/","og_site_name":"UNED Pamplona","article_published_time":"2025-08-06T08:46:29+00:00","article_modified_time":"2025-10-03T08:05:15+00:00","og_image":[{"width":934,"height":383,"url":"https:\/\/unedpamplona.es\/wp-content\/uploads\/2025\/05\/CATEDRA.png","type":"image\/png"}],"author":"uned","twitter_card":"summary_large_image","twitter_creator":"@unedpamplona","twitter_site":"@unedpamplona","twitter_misc":{"Written by":"uned","Est. reading time":"2 minutes"},"schema":{"@context":"https:\/\/schema.org","@graph":[{"@type":"Article","@id":"https:\/\/unedpamplona.es\/eu\/conferencia-como-tender-puentes-a-los-as-hijos-as\/#article","isPartOf":{"@id":"https:\/\/unedpamplona.es\/eu\/conferencia-como-tender-puentes-a-los-as-hijos-as\/"},"author":{"name":"uned","@id":"https:\/\/unedpamplona.es\/eu\/#\/schema\/person\/62a05b70c6808d41d8de2111f2b5f568"},"headline":"Conferencia &#8220;C\u00f3mo tender puentes a los\/as hijos\/as&#8221;","datePublished":"2025-08-06T08:46:29+00:00","dateModified":"2025-10-03T08:05:15+00:00","mainEntityOfPage":{"@id":"https:\/\/unedpamplona.es\/eu\/conferencia-como-tender-puentes-a-los-as-hijos-as\/"},"wordCount":264,"publisher":{"@id":"https:\/\/unedpamplona.es\/eu\/#organization"},"image":{"@id":"https:\/\/unedpamplona.es\/eu\/conferencia-como-tender-puentes-a-los-as-hijos-as\/#primaryimage"},"thumbnailUrl":"https:\/\/unedpamplona.es\/wp-content\/uploads\/2025\/05\/CATEDRA.png","inLanguage":"eu-ES"},{"@type":"WebPage","@id":"https:\/\/unedpamplona.es\/eu\/conferencia-como-tender-puentes-a-los-as-hijos-as\/","url":"https:\/\/unedpamplona.es\/eu\/conferencia-como-tender-puentes-a-los-as-hijos-as\/","name":"Conferencia \"C\u00f3mo tender puentes a los\/as hijos\/as\" - UNED Pamplona","isPartOf":{"@id":"https:\/\/unedpamplona.es\/eu\/#website"},"primaryImageOfPage":{"@id":"https:\/\/unedpamplona.es\/eu\/conferencia-como-tender-puentes-a-los-as-hijos-as\/#primaryimage"},"image":{"@id":"https:\/\/unedpamplona.es\/eu\/conferencia-como-tender-puentes-a-los-as-hijos-as\/#primaryimage"},"thumbnailUrl":"https:\/\/unedpamplona.es\/wp-content\/uploads\/2025\/05\/CATEDRA.png","datePublished":"2025-08-06T08:46:29+00:00","dateModified":"2025-10-03T08:05:15+00:00","inLanguage":"eu-ES","potentialAction":[{"@type":"ReadAction","target":["https:\/\/unedpamplona.es\/eu\/conferencia-como-tender-puentes-a-los-as-hijos-as\/"]}]},{"@type":"ImageObject","inLanguage":"eu-ES","@id":"https:\/\/unedpamplona.es\/eu\/conferencia-como-tender-puentes-a-los-as-hijos-as\/#primaryimage","url":"https:\/\/unedpamplona.es\/wp-content\/uploads\/2025\/05\/CATEDRA.png","contentUrl":"https:\/\/unedpamplona.es\/wp-content\/uploads\/2025\/05\/CATEDRA.png","width":934,"height":383},{"@type":"WebSite","@id":"https:\/\/unedpamplona.es\/eu\/#website","url":"https:\/\/unedpamplona.es\/eu\/","name":"UNED Pamplona","description":"","publisher":{"@id":"https:\/\/unedpamplona.es\/eu\/#organization"},"potentialAction":[{"@type":"SearchAction","target":{"@type":"EntryPoint","urlTemplate":"https:\/\/unedpamplona.es\/eu\/?s={search_term_string}"},"query-input":"required name=search_term_string"}],"inLanguage":"eu-ES"},{"@type":"Organization","@id":"https:\/\/unedpamplona.es\/eu\/#organization","name":"UNED Pamplona","url":"https:\/\/unedpamplona.es\/eu\/","logo":{"@type":"ImageObject","inLanguage":"eu-ES","@id":"https:\/\/unedpamplona.es\/eu\/#\/schema\/logo\/image\/","url":"https:\/\/unedpamplona.es\/wp-content\/uploads\/2024\/02\/uned_pamplona_logo.png","contentUrl":"https:\/\/unedpamplona.es\/wp-content\/uploads\/2024\/02\/uned_pamplona_logo.png","width":218,"height":104,"caption":"UNED Pamplona"},"image":{"@id":"https:\/\/unedpamplona.es\/eu\/#\/schema\/logo\/image\/"},"sameAs":["https:\/\/x.com\/unedpamplona","https:\/\/www.youtube.com\/channel\/UCR2jc6TbCMAPnbcA17Z0wwg","https:\/\/www.instagram.com\/unedpamplona\/"]},{"@type":"Person","@id":"https:\/\/unedpamplona.es\/eu\/#\/schema\/person\/62a05b70c6808d41d8de2111f2b5f568","name":"uned","image":{"@type":"ImageObject","inLanguage":"eu-ES","@id":"https:\/\/unedpamplona.es\/eu\/#\/schema\/person\/image\/","url":"https:\/\/secure.gravatar.com\/avatar\/344a1f8262dc552fd951ddf77b72239b?s=96&d=mm&r=g","contentUrl":"https:\/\/secure.gravatar.com\/avatar\/344a1f8262dc552fd951ddf77b72239b?s=96&d=mm&r=g","caption":"uned"},"url":"https:\/\/unedpamplona.es\/eu\/author\/uned\/"}]}},"_links":{"self":[{"href":"https:\/\/unedpamplona.es\/eu\/wp-json\/wp\/v2\/posts\/9989"}],"collection":[{"href":"https:\/\/unedpamplona.es\/eu\/wp-json\/wp\/v2\/posts"}],"about":[{"href":"https:\/\/unedpamplona.es\/eu\/wp-json\/wp\/v2\/types\/post"}],"author":[{"embeddable":true,"href":"https:\/\/unedpamplona.es\/eu\/wp-json\/wp\/v2\/users\/2"}],"replies":[{"embeddable":true,"href":"https:\/\/unedpamplona.es\/eu\/wp-json\/wp\/v2\/comments?post=9989"}],"version-history":[{"count":7,"href":"https:\/\/unedpamplona.es\/eu\/wp-json\/wp\/v2\/posts\/9989\/revisions"}],"predecessor-version":[{"id":12455,"href":"https:\/\/unedpamplona.es\/eu\/wp-json\/wp\/v2\/posts\/9989\/revisions\/12455"}],"wp:featuredmedia":[{"embeddable":true,"href":"https:\/\/unedpamplona.es\/eu\/wp-json\/wp\/v2\/media\/12451"}],"wp:attachment":[{"href":"https:\/\/unedpamplona.es\/eu\/wp-json\/wp\/v2\/media?parent=9989"}],"wp:term":[{"taxonomy":"category","embeddable":true,"href":"https:\/\/unedpamplona.es\/eu\/wp-json\/wp\/v2\/categories?post=9989"},{"taxonomy":"post_tag","embeddable":true,"href":"https:\/\/unedpamplona.es\/eu\/wp-json\/wp\/v2\/tags?post=9989"}],"curies":[{"name":"wp","href":"https:\/\/api.w.org\/{rel}","templated":true}]}}